{"id":7284,"date":"2023-10-15T11:16:57","date_gmt":"2023-10-15T14:16:57","guid":{"rendered":"http:\/\/folhadopirajucara.com.br\/?p=7284"},"modified":"2023-10-15T11:16:57","modified_gmt":"2023-10-15T14:16:57","slug":"camara-aprova-projeto-que-denomina-via-no-jardim-comunitario-como-travessa-francisco-erasmo-de-moura","status":"publish","type":"post","link":"https:\/\/folhadopirajucara.com.br\/index.php\/2023\/10\/15\/camara-aprova-projeto-que-denomina-via-no-jardim-comunitario-como-travessa-francisco-erasmo-de-moura\/","title":{"rendered":"C\u00e2mara aprova projeto que denomina via no Jardim Comunit\u00e1rio como \u201cTravessa Francisco Erasmo de Moura\u201d"},"content":{"rendered":"<p>A C\u00e2mara Municipal de Tabo\u00e3o da Serra aprovou o projeto de lei 070\/2023, de autoria do vereador Sandro Ayres, que denomina como \u201cTravessa Francisco Erasmo de Moura\u201d a via que interliga as ruas Palmital e Fernando Pessoa no Jardim Comunit\u00e1rio.<\/p>\n<p>A via &#8211; que n\u00e3o tinha nome &#8211; est\u00e1 em obras para que ve\u00edculos possam circular nos dois sentidos. A Prefeitura deve terminar a obra at\u00e9 o fim do ano. De acordo com o autor do projeto, a homenagem \u00e9 justa e merecida, al\u00e9m de ser um desejo dos moradores daquela regi\u00e3o.<\/p>\n<p>\u201cO Francisco [Erasmo de Moura] morou no Jardim Comunit\u00e1rio por d\u00e9cadas e realizava trabalho volunt\u00e1rio nas igrejas da regi\u00e3o. Batizar essa travessa com o nome dele \u00e9 uma homenagem de toda comunidade do Jardim Comunit\u00e1rio, bairro que ele tanto amava\u201d, diz o vereador Sandro Ayres.<\/p>\n<p>O projeto de lei aprovado vai para san\u00e7\u00e3o do prefeito Apr\u00edgio e a administra\u00e7\u00e3o deve providenciar o emplacamento com o nome da travessa.<\/p>\n<p>&nbsp;<\/p>\n<p><strong>Foto: Leandro Barreira \/ CMTS \/ <\/strong><a href=\"https:\/\/flic.kr\/s\/aHBqjAXYnQ\"><strong>https:\/\/flic.kr\/s\/aHBqjAXYnQ<\/strong><\/a><\/p>\n","protected":false},"excerpt":{"rendered":"<p>A C\u00e2mara Municipal de Tabo\u00e3o da Serra aprovou o projeto de lei 070\/2023, de autoria do vereador Sandro Ayres, que<\/p>\n","protected":false},"author":3,"featured_media":7285,"comment_status":"open","ping_status":"open","sticky":false,"template":"","format":"standard","meta":{"footnotes":""},"categories":[1,4,10],"tags":[],"class_list":["post-7284","post","type-post","status-publish","format-standard","has-post-thumbnail","hentry","category-destaque","category-noticias","category-taboao-da-serra"],"_links":{"self":[{"href":"https:\/\/folhadopirajucara.com.br\/index.php\/wp-json\/wp\/v2\/posts\/7284"}],"collection":[{"href":"https:\/\/folhadopirajucara.com.br\/index.php\/wp-json\/wp\/v2\/posts"}],"about":[{"href":"https:\/\/folhadopirajucara.com.br\/index.php\/wp-json\/wp\/v2\/types\/post"}],"author":[{"embeddable":true,"href":"https:\/\/folhadopirajucara.com.br\/index.php\/wp-json\/wp\/v2\/users\/3"}],"replies":[{"embeddable":true,"href":"https:\/\/folhadopirajucara.com.br\/index.php\/wp-json\/wp\/v2\/comments?post=7284"}],"version-history":[{"count":1,"href":"https:\/\/folhadopirajucara.com.br\/index.php\/wp-json\/wp\/v2\/posts\/7284\/revisions"}],"predecessor-version":[{"id":7286,"href":"https:\/\/folhadopirajucara.com.br\/index.php\/wp-json\/wp\/v2\/posts\/7284\/revisions\/7286"}],"wp:featuredmedia":[{"embeddable":true,"href":"https:\/\/folhadopirajucara.com.br\/index.php\/wp-json\/wp\/v2\/media\/7285"}],"wp:attachment":[{"href":"https:\/\/folhadopirajucara.com.br\/index.php\/wp-json\/wp\/v2\/media?parent=7284"}],"wp:term":[{"taxonomy":"category","embeddable":true,"href":"https:\/\/folhadopirajucara.com.br\/index.php\/wp-json\/wp\/v2\/categories?post=7284"},{"taxonomy":"post_tag","embeddable":true,"href":"https:\/\/folhadopirajucara.com.br\/index.php\/wp-json\/wp\/v2\/tags?post=7284"}],"curies":[{"name":"wp","href":"https:\/\/api.w.org\/{rel}","templated":true}]}}