{"id":729,"date":"2018-10-04T13:13:09","date_gmt":"2018-10-04T15:13:09","guid":{"rendered":"http:\/\/folhadopirajucara.com.br\/?p=729"},"modified":"2018-10-04T13:13:09","modified_gmt":"2018-10-04T15:13:09","slug":"vereadores-de-taboao-repudiam-xingamento-de-ney-santos-a-presidente-joice-silva","status":"publish","type":"post","link":"https:\/\/folhadopirajucara.com.br\/index.php\/2018\/10\/04\/vereadores-de-taboao-repudiam-xingamento-de-ney-santos-a-presidente-joice-silva\/","title":{"rendered":"Vereadores de Tabo\u00e3o repudiam xingamento de Ney Santos a presidente Joice Silva"},"content":{"rendered":"<p><img loading=\"lazy\" decoding=\"async\" class=\"size-medium wp-image-730 alignleft\" src=\"https:\/\/folhadopirajucara.com.br\/wp-content\/uploads\/2018\/10\/Joice-Silva-em-tribuna-300x200.jpg\" alt=\"\" width=\"300\" height=\"200\" srcset=\"https:\/\/folhadopirajucara.com.br\/wp-content\/uploads\/2018\/10\/Joice-Silva-em-tribuna-300x200.jpg 300w, https:\/\/folhadopirajucara.com.br\/wp-content\/uploads\/2018\/10\/Joice-Silva-em-tribuna.jpg 610w\" sizes=\"(max-width: 300px) 100vw, 300px\" \/>Na semana passada, durante um ato pol\u00edtico organizado pela fam\u00edlia N\u00f3brega em Tabo\u00e3o da Serra, o prefeito licenciado de Embu das Artes Ney Santos ofendeu a vereadora Joice Silva e a chamou de \u201cpresidente de merda\u201d.<\/p>\n<p>\u201cVoc\u00ea pega essa presidente de merda, que n\u00e3o sabe nem o que \u00e9 um regimento de C\u00e2mara, se vitimizando, ela n\u00e3o tem coragem de ir para rua com voc\u00ea atr\u00e1s de voto porque voc\u00ea engole ela em 10 segundos. Mas tem coragem de se fazer de v\u00edtima. A popula\u00e7\u00e3o n\u00e3o gosta de gente covarde. A popula\u00e7\u00e3o n\u00e3o gosta de v\u00edtima A popula\u00e7\u00e3o gosta de guerreiros que tem coragem de encarar a realidade\u201d, discursou Santos.<\/p>\n<p>Ele se referia \u00e0 acusa\u00e7\u00e3o que Joice faz de machismo ao vereador Eduardo N\u00f3brega, aliado de Ney em Tabo\u00e3o da Serra, ocorrida durante a sess\u00e3o legislativa do dia anterior. A parlamentar registrou Boletim de Ocorr\u00eancia na Delegacia da Mulher.<\/p>\n<p>\u201cEu nunca desrespeitei nenhum pol\u00edtico. Muito menos de cidade vizinha, que acompanhado desse vereador machista, agressivo, vem fazer pol\u00edtica na nossa cidade e ofender uma vereadora que foi eleita pelo povo e eleita presidente pelos vereadores, por sete vereadores, e chamada de presidente de merda\u201d, respondeu Joice.<\/p>\n<p>\u201cQuando vem o prefeito de outra cidade e chama a presidente de merda, ele est\u00e1 atacando o parlamento\u201d, diz Ronaldo Onishi. O vereador Marcos Paulo tamb\u00e9m comentou. \u201cRepudio a fala do prefeito de Embu que veio a Tabo\u00e3o e chama a presidente de merda. Ney Santos respeite a presidente\u201d, pediu.<\/p>\n<p><strong>\u00a0<\/strong><\/p>\n<p><strong>\u201cFOMOS DESRESPEITADOS\u201d, diz Johnatan sobre fala de Ney sobre sucess\u00e3o<\/strong><\/p>\n<p>&nbsp;<\/p>\n<p>Outro tema que ganhou destaque durante a sess\u00e3o foi \u00e0 afirma\u00e7\u00e3o do prefeito licenciado Ney Santos, que afirmou que vai eleger o pr\u00f3ximo presidente da C\u00e2mara, cuja elei\u00e7\u00e3o \u00e9 no fim deste ano, e o pr\u00f3ximo prefeito de Tabo\u00e3o da Serra nas elei\u00e7\u00f5es de 2020.<\/p>\n<p>\u201cE ouvi dizer, em discursos anteriores, de pol\u00edticos que n\u00e3o s\u00e3o da nossa cidade, s\u00e3o de fora, que ir\u00e3o vir para c\u00e1 e fazer o pr\u00f3ximo presidente da C\u00e2mara e o pr\u00f3ximo prefeito. Aqui n\u00e3o. Aqui tem for\u00e7a pol\u00edtica e tem que respeitar esses vereadores. Tem que respeitar a classe pol\u00edtica de Tabo\u00e3o da Serra. Aqui n\u00e3o tem marionete de ningu\u00e9m. Fomos desrespeitados e exigimos respeitos. Se quiser fazer sucess\u00e3o da presid\u00eancia desta Casa, passa por esse grupo\u201d, diz Johnatan Noventa.<\/p>\n<p>&nbsp;<\/p>\n<p><strong>fonte:\u00a0http:\/\/taboaoemfoco.com.br (por\u00a0Allan dos Reis)<\/strong><\/p>\n","protected":false},"excerpt":{"rendered":"<p>Na semana passada, durante um ato pol\u00edtico organizado pela fam\u00edlia N\u00f3brega em Tabo\u00e3o da Serra, o prefeito licenciado de Embu<\/p>\n","protected":false},"author":3,"featured_media":730,"comment_status":"open","ping_status":"open","sticky":false,"template":"","format":"standard","meta":{"footnotes":""},"categories":[4,10],"tags":[],"class_list":["post-729","post","type-post","status-publish","format-standard","has-post-thumbnail","hentry","category-noticias","category-taboao-da-serra"],"_links":{"self":[{"href":"https:\/\/folhadopirajucara.com.br\/index.php\/wp-json\/wp\/v2\/posts\/729"}],"collection":[{"href":"https:\/\/folhadopirajucara.com.br\/index.php\/wp-json\/wp\/v2\/posts"}],"about":[{"href":"https:\/\/folhadopirajucara.com.br\/index.php\/wp-json\/wp\/v2\/types\/post"}],"author":[{"embeddable":true,"href":"https:\/\/folhadopirajucara.com.br\/index.php\/wp-json\/wp\/v2\/users\/3"}],"replies":[{"embeddable":true,"href":"https:\/\/folhadopirajucara.com.br\/index.php\/wp-json\/wp\/v2\/comments?post=729"}],"version-history":[{"count":0,"href":"https:\/\/folhadopirajucara.com.br\/index.php\/wp-json\/wp\/v2\/posts\/729\/revisions"}],"wp:featuredmedia":[{"embeddable":true,"href":"https:\/\/folhadopirajucara.com.br\/index.php\/wp-json\/wp\/v2\/media\/730"}],"wp:attachment":[{"href":"https:\/\/folhadopirajucara.com.br\/index.php\/wp-json\/wp\/v2\/media?parent=729"}],"wp:term":[{"taxonomy":"category","embeddable":true,"href":"https:\/\/folhadopirajucara.com.br\/index.php\/wp-json\/wp\/v2\/categories?post=729"},{"taxonomy":"post_tag","embeddable":true,"href":"https:\/\/folhadopirajucara.com.br\/index.php\/wp-json\/wp\/v2\/tags?post=729"}],"curies":[{"name":"wp","href":"https:\/\/api.w.org\/{rel}","templated":true}]}}