{"id":7364,"date":"2023-10-23T18:51:25","date_gmt":"2023-10-23T21:51:25","guid":{"rendered":"http:\/\/folhadopirajucara.com.br\/?p=7364"},"modified":"2023-10-24T18:52:24","modified_gmt":"2023-10-24T21:52:24","slug":"camara-municipal-aprova-projeto-de-lei-criando-semana-da-luta-contra-o-aborto-em-taboao-da-serra","status":"publish","type":"post","link":"https:\/\/folhadopirajucara.com.br\/index.php\/2023\/10\/23\/camara-municipal-aprova-projeto-de-lei-criando-semana-da-luta-contra-o-aborto-em-taboao-da-serra\/","title":{"rendered":"C\u00e2mara Municipal aprova projeto de lei criando Semana da Luta Contra o Aborto em Tabo\u00e3o da Serra"},"content":{"rendered":"<p>Os vereadores da C\u00e2mara Municipal de Tabo\u00e3o da Serra aprovaram na \u00faltima ter\u00e7a-feira, dia 17\/10, o projeto de lei de autoria do vereador Marcos Paulo, que cria a Semana da Luta Contra o Aborto, celebrado anualmente na primeira semana de outubro, e o Dia Municipal de Luta Contra o Aborto, comemorado anualmente no dia 04\/10.<\/p>\n<p>De acordo com o vereador Marcos Paulo, o projeto \u00e9 \u201cpr\u00f3-vida para que possamos conscientizar nossas mulheres, nossos homens, jovens, para que o aborto nunca seja um recurso, mas que a vida seja sempre o principal recurso para a humanidade\u201d, disse durante a sess\u00e3o.<\/p>\n<p>O vereador afirma que o munic\u00edpio deve realizar palestras, f\u00f3runs e outras atividades para conscientizar as fam\u00edlias. \u201cO aborto traz consequ\u00eancias para toda fam\u00edlia, para a sociedade, e &#8211; principalmente &#8211; para as mulheres e a crian\u00e7a que est\u00e1 em seu ventre\u201d, completa o vereador Marcos Paulo.<\/p>\n<p>Para isso, as a\u00e7\u00f5es podem ser realizadas em parceria com as secretarias de sa\u00fade e educa\u00e7\u00e3o para organiza\u00e7\u00e3o de palestras, empreender medidas para estimular a\u00e7\u00f5es de incentivo \u00e0 vida e que levem a sua reflex\u00e3o, entre outras a\u00e7\u00f5es.<\/p>\n<p>Agora o projeto de lei aprovado pelos vereadores de Tabo\u00e3o da Serra vai para san\u00e7\u00e3o ou veto do prefeito.<\/p>\n","protected":false},"excerpt":{"rendered":"<p>Os vereadores da C\u00e2mara Municipal de Tabo\u00e3o da Serra aprovaram na \u00faltima ter\u00e7a-feira, dia 17\/10, o projeto de lei de<\/p>\n","protected":false},"author":3,"featured_media":7365,"comment_status":"open","ping_status":"open","sticky":false,"template":"","format":"standard","meta":{"footnotes":""},"categories":[1,4,10],"tags":[],"class_list":["post-7364","post","type-post","status-publish","format-standard","has-post-thumbnail","hentry","category-destaque","category-noticias","category-taboao-da-serra"],"_links":{"self":[{"href":"https:\/\/folhadopirajucara.com.br\/index.php\/wp-json\/wp\/v2\/posts\/7364"}],"collection":[{"href":"https:\/\/folhadopirajucara.com.br\/index.php\/wp-json\/wp\/v2\/posts"}],"about":[{"href":"https:\/\/folhadopirajucara.com.br\/index.php\/wp-json\/wp\/v2\/types\/post"}],"author":[{"embeddable":true,"href":"https:\/\/folhadopirajucara.com.br\/index.php\/wp-json\/wp\/v2\/users\/3"}],"replies":[{"embeddable":true,"href":"https:\/\/folhadopirajucara.com.br\/index.php\/wp-json\/wp\/v2\/comments?post=7364"}],"version-history":[{"count":1,"href":"https:\/\/folhadopirajucara.com.br\/index.php\/wp-json\/wp\/v2\/posts\/7364\/revisions"}],"predecessor-version":[{"id":7366,"href":"https:\/\/folhadopirajucara.com.br\/index.php\/wp-json\/wp\/v2\/posts\/7364\/revisions\/7366"}],"wp:featuredmedia":[{"embeddable":true,"href":"https:\/\/folhadopirajucara.com.br\/index.php\/wp-json\/wp\/v2\/media\/7365"}],"wp:attachment":[{"href":"https:\/\/folhadopirajucara.com.br\/index.php\/wp-json\/wp\/v2\/media?parent=7364"}],"wp:term":[{"taxonomy":"category","embeddable":true,"href":"https:\/\/folhadopirajucara.com.br\/index.php\/wp-json\/wp\/v2\/categories?post=7364"},{"taxonomy":"post_tag","embeddable":true,"href":"https:\/\/folhadopirajucara.com.br\/index.php\/wp-json\/wp\/v2\/tags?post=7364"}],"curies":[{"name":"wp","href":"https:\/\/api.w.org\/{rel}","templated":true}]}}