{"id":7568,"date":"2024-01-04T09:22:42","date_gmt":"2024-01-04T12:22:42","guid":{"rendered":"http:\/\/folhadopirajucara.com.br\/?p=7568"},"modified":"2024-01-05T16:42:43","modified_gmt":"2024-01-05T19:42:43","slug":"morre-quinho-do-salgueiro-um-dos-maiores-interpretes-do-carnaval-do-rio","status":"publish","type":"post","link":"https:\/\/folhadopirajucara.com.br\/index.php\/2024\/01\/04\/morre-quinho-do-salgueiro-um-dos-maiores-interpretes-do-carnaval-do-rio\/","title":{"rendered":"Morre Quinho do Salgueiro, um dos maiores int\u00e9rpretes do carnaval do Rio"},"content":{"rendered":"<div class=\"mc-column content-text active-extra-styles active-capital-letter\" data-block-type=\"unstyled\" data-block-weight=\"67\" data-block-id=\"2\">\n<p class=\" content-text__container theme-color-primary-first-letter\" data-track-category=\"Link no Texto\" data-track-links=\"\">O int\u00e9rprete Quinho do Salgueiro, que morreu ontem aos 66 anos, ser\u00e1 velado na quadra da escola de samba hoje, a partir das 15h. A informa\u00e7\u00e3o foi divulgada pela agremia\u00e7\u00e3o. Uma das maiores vozes do Carnaval carioca, Quinho foi do Salgueiro por mais de 30 anos e se destacou ao interpretar o samba &#8220;Peguei um Ita no Norte&#8221;, em 1993, que deu o oitavo t\u00edtulo \u00e0 escola.<\/p>\n<\/div>\n<div class=\"wall protected-content\">\n<div class=\"mc-column content-text active-extra-styles \" data-block-type=\"unstyled\" data-block-weight=\"35\" data-block-id=\"3\">\n<p class=\" content-text__container \" data-track-category=\"Link no Texto\" data-track-links=\"\">O int\u00e9rprete estava internado no Hospital Evandro Freire, na Ilha do Governador, Zona Norte do Rio. Ele fazia um tratamento contra um c\u00e2ncer de pr\u00f3stata desde 2022, mas a causa da morte foi insufici\u00eancia respirat\u00f3ria.<\/p>\n<\/div>\n<div id=\"pub-in-text\" class=\"tag-manager-publicidade-container tag-manager-publicidade-pub-in-text tag-manager-publicidade-container--carregado tag-manager-publicidade-container--visivel\" data-google-query-id=\"CNvOyPP_xoMDFaCtlQIdgSkL7Q\">\n<div class=\"mc-column content-text active-extra-styles \" data-block-type=\"unstyled\" data-block-weight=\"91\" data-block-id=\"4\">\n<p class=\" content-text__container \" data-track-category=\"Link no Texto\" data-track-links=\"\">Quinho come\u00e7ou a carreira na Uni\u00e3o da Ilha do Governador, em 1988, quando foi convidado para compor o carro de som de Aroldo Melodia. Depois, passou por outras escolas de samba do Rio, como S\u00e3o Clemente, Grande Rio, Imp\u00e9rio da Tijuca e Acad\u00eamicos de Santa Cruz. Tamb\u00e9m atuou em S\u00e3o Paulo, pela Rosas de Ouro; e em Porto Alegre, pela Uni\u00e3o da Vila do IAPI. Mas foi no Salgueiro que Quinho ganhou notoriedade, com &#8220;Peguei um Ita no Norte&#8221;. A escola, inclusive, cancelou o ensaio de hoje, em sinal de luto.<\/p>\n<\/div>\n<div class=\"mc-column content-text active-extra-styles \" data-block-type=\"unstyled\" data-block-weight=\"80\" data-block-id=\"5\">\n<p class=\" content-text__container \" data-track-category=\"Link no Texto\" data-track-links=\"\">E, \u00e9 claro, n\u00e3o faltam homenagens. O presidente do Salgueiro, Andr\u00e9 Vaz, escreveu que o int\u00e9rprete &#8220;n\u00e3o foi apenas um cantor; foi parte integrante da nossa fam\u00edlia salgueirense&#8221;. Ele continua dizendo que a &#8220;dedica\u00e7\u00e3o e paix\u00e3o [de Quinho] pelo samba ecoaram nas avenidas e nos momentos mais especiais da hist\u00f3ria da agremia\u00e7\u00e3o&#8221;, e que a &#8220;perda deixa um vazio imenso&#8221;, mas que tamb\u00e9m fica a gratid\u00e3o por ter compartilhado o palco, as emo\u00e7\u00f5es e as alegrias ao longo dos anos&#8221;.<\/p>\n<\/div>\n<div class=\"mc-column content-text active-extra-styles \" data-block-type=\"unstyled\" data-block-weight=\"32\" data-block-id=\"6\">\n<p class=\" content-text__container \" data-track-category=\"Link no Texto\" data-track-links=\"\">O int\u00e9rprete Neguinho da Beija-flor escreveu que perdeu um &#8220;grande amigo e parceiro na arte de cantar para o maior espet\u00e1culo audiovisual a c\u00e9u aberto do planeta&#8221;, que \u00e9 o Carnaval.<\/p>\n<div class=\"mc-column content-text active-extra-styles \" data-block-type=\"unstyled\" data-block-weight=\"23\" data-block-id=\"8\">\n<p class=\" content-text__container \" data-track-category=\"Link no Texto\" data-track-links=\"\">O prefeito do Rio, Eduardo Paes, fez uma postagem citando o bord\u00e3o &#8220;Pimba, pimba&#8221;, caracter\u00edstico de Quinho, com uma foto do int\u00e9rprete.<\/p>\n<\/div>\n<div data-track-category=\"multicontent\" data-track-action=\"ultimo chunk conteudo\" data-track-noninteraction=\"false\" data-track-scroll=\"view\">\n<div class=\"mc-column content-text active-extra-styles \" data-block-type=\"unstyled\" data-block-weight=\"35\" data-block-id=\"9\">\n<p class=\" content-text__container \" data-track-category=\"Link no Texto\" data-track-links=\"\">Quinho ser\u00e1 velado hoje, na quadra da escola, entre 15h e 20h. O sepultamento ser\u00e1 amanh\u00e3, no Cemit\u00e9rio da Cacuia, na Ilha do Governador, a partir de 13h. Antes, haver\u00e1 o vel\u00f3rio, na Capela C.<\/p>\n<\/div>\n<p data-track-category=\"Link no Texto\" data-track-links=\"\">*fonte:\u00a0cbn.globo.com\/rio-de-janeiro<\/p>\n<\/div>\n<\/div>\n<\/div>\n<\/div>\n","protected":false},"excerpt":{"rendered":"<p>O int\u00e9rprete Quinho do Salgueiro, que morreu ontem aos 66 anos, ser\u00e1 velado na quadra da escola de samba hoje,<\/p>\n","protected":false},"author":3,"featured_media":7569,"comment_status":"open","ping_status":"open","sticky":false,"template":"","format":"standard","meta":{"footnotes":""},"categories":[1,54,4],"tags":[],"class_list":["post-7568","post","type-post","status-publish","format-standard","has-post-thumbnail","hentry","category-destaque","category-historias-afro-brasileiras","category-noticias"],"_links":{"self":[{"href":"https:\/\/folhadopirajucara.com.br\/index.php\/wp-json\/wp\/v2\/posts\/7568"}],"collection":[{"href":"https:\/\/folhadopirajucara.com.br\/index.php\/wp-json\/wp\/v2\/posts"}],"about":[{"href":"https:\/\/folhadopirajucara.com.br\/index.php\/wp-json\/wp\/v2\/types\/post"}],"author":[{"embeddable":true,"href":"https:\/\/folhadopirajucara.com.br\/index.php\/wp-json\/wp\/v2\/users\/3"}],"replies":[{"embeddable":true,"href":"https:\/\/folhadopirajucara.com.br\/index.php\/wp-json\/wp\/v2\/comments?post=7568"}],"version-history":[{"count":2,"href":"https:\/\/folhadopirajucara.com.br\/index.php\/wp-json\/wp\/v2\/posts\/7568\/revisions"}],"predecessor-version":[{"id":7571,"href":"https:\/\/folhadopirajucara.com.br\/index.php\/wp-json\/wp\/v2\/posts\/7568\/revisions\/7571"}],"wp:featuredmedia":[{"embeddable":true,"href":"https:\/\/folhadopirajucara.com.br\/index.php\/wp-json\/wp\/v2\/media\/7569"}],"wp:attachment":[{"href":"https:\/\/folhadopirajucara.com.br\/index.php\/wp-json\/wp\/v2\/media?parent=7568"}],"wp:term":[{"taxonomy":"category","embeddable":true,"href":"https:\/\/folhadopirajucara.com.br\/index.php\/wp-json\/wp\/v2\/categories?post=7568"},{"taxonomy":"post_tag","embeddable":true,"href":"https:\/\/folhadopirajucara.com.br\/index.php\/wp-json\/wp\/v2\/tags?post=7568"}],"curies":[{"name":"wp","href":"https:\/\/api.w.org\/{rel}","templated":true}]}}