{"id":7719,"date":"2024-03-04T19:18:54","date_gmt":"2024-03-04T22:18:54","guid":{"rendered":"http:\/\/folhadopirajucara.com.br\/?p=7719"},"modified":"2024-03-04T19:18:54","modified_gmt":"2024-03-04T22:18:54","slug":"08-de-marco-uma-data-para-a-reflexao-e-acao","status":"publish","type":"post","link":"https:\/\/folhadopirajucara.com.br\/index.php\/2024\/03\/04\/08-de-marco-uma-data-para-a-reflexao-e-acao\/","title":{"rendered":"08 de Mar\u00e7o, uma data para a reflex\u00e3o e a\u00e7\u00e3o"},"content":{"rendered":"<p><span style=\"font-weight: 400;\">O 8 de mar\u00e7o \u00e9 celebrado em todo o mundo como uma data que marca a luta das mulheres. Em 1908, em Nova York, quando 15 mil mulheres marcharam reivindicando melhores sal\u00e1rios, redu\u00e7\u00e3o da jornada de trabalho e direito ao voto, foi plantada uma semente que buscava mais direitos e menos explora\u00e7\u00e3o do corpo feminino.\u00a0<\/span><\/p>\n<p><span style=\"font-weight: 400;\">A data, reconhecida pela Organiza\u00e7\u00e3o das Na\u00e7\u00f5es Unidas (ONU), marca um momento de luta das mulheres em todo mundo e serve tamb\u00e9m para relembrar as injusti\u00e7as que todas as mulheres sofrem diariamente. Nesse sentido, o m\u00eas de Mar\u00e7o se tornou um momento em que a reflex\u00e3o dos direitos pol\u00edticos das mulheres s\u00e3o pautadas e todas as desigualdades de g\u00eanero s\u00e3o evidenciadas.<\/span><\/p>\n<p><span style=\"font-weight: 400;\">Ros\u00e2ngela Santos, ex-vereadora da cidade de Embu das Artes e Deputada Federal Suplente, \u00e9 um exemplo pr\u00e1tico de como pol\u00edticas sociais que atendem mulheres em situa\u00e7\u00e3o de vulnerabilidade social podem transformar vidas. Hoje uma grande lideran\u00e7a feminina em Embu das Artes, Ros\u00e2ngela foi a Bras\u00edlia recentemente para seguir lutando pelo da cidade e em especial, nesse m\u00eas das mulheres, lutar por uma \u201c Casa da Mulher Brasileira\u201d no munic\u00edpio.\u00a0\u00a0\u00a0<\/span><\/p>\n<p><span style=\"font-weight: 400;\">Segundo ela, as pol\u00edticas p\u00fablicas propostas pela atual gest\u00e3o da cidade n\u00e3o s\u00e3o compat\u00edveis com as necessidades das mulheres da cidade. Ros\u00e2ngela acredita que a prote\u00e7\u00e3o das mulheres e o acolhimento em casos de viol\u00eancia dom\u00e9stica \u00e9 o m\u00ednimo que o poder p\u00fablico pode oferecer. Para ela, a pol\u00edtica de valoriza\u00e7\u00e3o das mulheres deve partir de oportunidades de emprego e estudo de qualidade e do oferecimento de servi\u00e7os b\u00e1sicos como sa\u00fade e transporte, por exemplo, que de fato funcionem e melhorem a vida das mulheres embuenses.<\/span><\/p>\n<p><span style=\"font-weight: 400;\">Algo que ajuda a explicar a desigualdade de g\u00eanero, \u00e9 o fato de que, historicamente, o sexo feminino foi visto como \u00fatil apenas para tarefas de cuidado com a fam\u00edlia e o lar, sem liberdade para trabalhar fora ou realizar atividades para o pr\u00f3prio sustento. Apesar desse contexto, as \u00faltimas d\u00e9cadas e algumas mulheres pelo Brasil e pelo mundo nos vem mostrando que essa situa\u00e7\u00e3o est\u00e1 se transformando.\u00a0<\/span><\/p>\n<p><span style=\"font-weight: 400;\">A c\u00e2mara dos deputados divulgou um estudo que evidencia que de 1990 at\u00e9 a elei\u00e7\u00e3o do ano passado, o n\u00famero de deputadas subiu de 31 para 90 legisladoras. Este \u00e9 um dos indicativos que mostram que a representa\u00e7\u00e3o feminina est\u00e1 crescendo em espa\u00e7os de poder no Brasil. Apesar disso, \u00e9 interessante notarmos que as mulheres, em especial as mulheres pretas e pobres, s\u00e3o as pessoas que mais sofrem com a exclus\u00e3o dos espa\u00e7os de decis\u00e3o.\u00a0<\/span><\/p>\n<p><span style=\"font-weight: 400;\">Se considerarmos que as mulheres no Brasil, foram ter o direito de votar apenas em 1935, devemos olhar tamb\u00e9m para as desigualdades de oportunidades que isso gera e encarar o empoderamento feminino como parte central de uma pol\u00edtica governamental que constr\u00f3i uma na\u00e7\u00e3o.<\/span><\/p>\n<p><span style=\"font-weight: 400;\">A hist\u00f3ria nos mostra que \u00e9 apenas a partir da luta feminina que \u00e9 poss\u00edvel avan\u00e7ar na garantia de direitos e oportunidades. Hoje, com o Governo Lula, possu\u00edmos pol\u00edticas p\u00fablicas que buscam defender e garantir os direitos das mulheres. No dia 8 de Mar\u00e7o de 2023 o Governo Federal relan\u00e7ou o programa \u201cMulher, viver sem Viol\u00eancia\u201d. Para al\u00e9m de oferecer acolhimento para as mulheres que sofrem com viol\u00eancia dom\u00e9stica, o programa tamb\u00e9m considera fundamental garantir o acesso das mulheres a servi\u00e7os p\u00fablicos de qualidade.\u00a0<\/span><\/p>\n<p><span style=\"font-weight: 400;\">Incluso no programa \u201cMulher, viver sem Viol\u00eancia\u201d, o Governo Lula tamb\u00e9m institui a cria\u00e7\u00e3o de 40 \u201cCasas da Mulher Brasileira\u201d por todo Brasil. Atualmente, existem 8 \u201cCasas\u201d em todo territ\u00f3rio brasileiro e as experi\u00eancias relatadas por cidad\u00e3s que possuem este acesso evidenciam a necessidade de oferecermos esse servi\u00e7o para as mulheres embuenses.\u00a0<\/span><\/p>\n<p><span style=\"font-weight: 400;\">Acolhimento, Apoio Psicossocial, Delegacia, Juizado\/Vara especializada, Minist\u00e9rio P\u00fablico, Defensoria P\u00fablica, Promo\u00e7\u00e3o de Autonomia Econ\u00f4mica, Central de Transportes, Brinquedoteca e Alojamento de Passagem, todos s\u00e3o servi\u00e7os que a \u201cCasa da Mulher Brasileira\u201d oferece gratuitamente.\u00a0<\/span><\/p>\n<p>&nbsp;<\/p>\n<p><span style=\"font-weight: 400;\">Pedro Ventura\u00a0<\/span><\/p>\n","protected":false},"excerpt":{"rendered":"<p>O 8 de mar\u00e7o \u00e9 celebrado em todo o mundo como uma data que marca a luta das mulheres. Em<\/p>\n","protected":false},"author":3,"featured_media":7720,"comment_status":"open","ping_status":"open","sticky":false,"template":"","format":"standard","meta":{"footnotes":""},"categories":[1,15,4],"tags":[],"class_list":["post-7719","post","type-post","status-publish","format-standard","has-post-thumbnail","hentry","category-destaque","category-embu-das-artes","category-noticias"],"_links":{"self":[{"href":"https:\/\/folhadopirajucara.com.br\/index.php\/wp-json\/wp\/v2\/posts\/7719"}],"collection":[{"href":"https:\/\/folhadopirajucara.com.br\/index.php\/wp-json\/wp\/v2\/posts"}],"about":[{"href":"https:\/\/folhadopirajucara.com.br\/index.php\/wp-json\/wp\/v2\/types\/post"}],"author":[{"embeddable":true,"href":"https:\/\/folhadopirajucara.com.br\/index.php\/wp-json\/wp\/v2\/users\/3"}],"replies":[{"embeddable":true,"href":"https:\/\/folhadopirajucara.com.br\/index.php\/wp-json\/wp\/v2\/comments?post=7719"}],"version-history":[{"count":1,"href":"https:\/\/folhadopirajucara.com.br\/index.php\/wp-json\/wp\/v2\/posts\/7719\/revisions"}],"predecessor-version":[{"id":7721,"href":"https:\/\/folhadopirajucara.com.br\/index.php\/wp-json\/wp\/v2\/posts\/7719\/revisions\/7721"}],"wp:featuredmedia":[{"embeddable":true,"href":"https:\/\/folhadopirajucara.com.br\/index.php\/wp-json\/wp\/v2\/media\/7720"}],"wp:attachment":[{"href":"https:\/\/folhadopirajucara.com.br\/index.php\/wp-json\/wp\/v2\/media?parent=7719"}],"wp:term":[{"taxonomy":"category","embeddable":true,"href":"https:\/\/folhadopirajucara.com.br\/index.php\/wp-json\/wp\/v2\/categories?post=7719"},{"taxonomy":"post_tag","embeddable":true,"href":"https:\/\/folhadopirajucara.com.br\/index.php\/wp-json\/wp\/v2\/tags?post=7719"}],"curies":[{"name":"wp","href":"https:\/\/api.w.org\/{rel}","templated":true}]}}