{"id":7778,"date":"2024-03-21T20:59:47","date_gmt":"2024-03-21T23:59:47","guid":{"rendered":"http:\/\/folhadopirajucara.com.br\/?p=7778"},"modified":"2024-03-21T20:59:47","modified_gmt":"2024-03-21T23:59:47","slug":"onu-apela-pelo-fim-de-estereotipos-no-dia-mundial-da-sindrome-de-down","status":"publish","type":"post","link":"https:\/\/folhadopirajucara.com.br\/index.php\/2024\/03\/21\/onu-apela-pelo-fim-de-estereotipos-no-dia-mundial-da-sindrome-de-down\/","title":{"rendered":"ONU apela pelo fim de estere\u00f3tipos no Dia Mundial da S\u00edndrome de Down"},"content":{"rendered":"<blockquote>\n<p style=\"text-align: center;\"><strong>Organiza\u00e7\u00e3o ressalta que cuidados e apoio podem melhorar a qualidade de vida das pessoas vivendo com a condi\u00e7\u00e3o; at\u00e9 5 mil crian\u00e7as nascem com a doen\u00e7a cromoss\u00f4mica a cada ano.<\/strong><\/p>\n<\/blockquote>\n<p>&nbsp;<\/p>\n<p>As Na\u00e7\u00f5es Unidas fazem um pedido pelo fim dos estere\u00f3tipos para marcar o Dia Mundial da S\u00edndrome de Down, neste 21 de mar\u00e7o.<\/p>\n<p>A sede da organiza\u00e7\u00e3o, em Nova Iorque, acolhe a 13\u00aa Confer\u00eancia do Dia Mundial da S\u00edndrome de Down organizada pela rede Internacional da S\u00edndrome de Down at\u00e9 sexta-feira.<\/p>\n<h2 style=\"text-align: center;\"><strong>Altera\u00e7\u00e3o no cromossomo 21<\/strong><\/h2>\n<p>Estima-se que a incid\u00eancia da condi\u00e7\u00e3o, causada por uma altera\u00e7\u00e3o no cromossomo 21, seja de entre um em cada 1 mil ou um em 1,1 mil nascidos vivos em todo o mundo.<\/p>\n<p>De acordo com dados da organiza\u00e7\u00e3o, a cada ano entre 3 mil e 5 mil crian\u00e7as nascem com esse dist\u00farbio cromoss\u00f4mico.<\/p>\n<p>Faltam detalhes sobre as causas da s\u00edndrome, mas admite-se que ela sempre fez parte da condi\u00e7\u00e3o humana e seus efeitos variam de acordo com a regi\u00e3o do mundo nos estilos de aprendizagem, nas caracter\u00edsticas f\u00edsicas e na sa\u00fade.<\/p>\n<p>Para as Na\u00e7\u00f5es Unidas, \u00e9 essencial o crescimento e o desenvolvimento da pessoa com a s\u00edndrome com acesso adequado aos cuidados de sa\u00fade, aos programas de interven\u00e7\u00e3o precoce, \u00e0 educa\u00e7\u00e3o inclusiva, bem como \u00e0 investiga\u00e7\u00e3o adequada.<\/p>\n<h2 style=\"text-align: center;\"><strong>Aumentar a sensibiliza\u00e7\u00e3o\u00a0<\/strong><\/h2>\n<p>O Dia Mundial da S\u00edndrome de Down \u00e9 marcado desde 2012, ap\u00f3s ter sido proclamado pela Assembleia Geral. O prop\u00f3sito \u00e9 aumentar a sensibiliza\u00e7\u00e3o envolvendo pa\u00edses, entidades da ONU e outras organiza\u00e7\u00f5es internacionais e sociedade civil, incluindo ONGs e o sector privado.<\/p>\n<p>As recomenda\u00e7\u00f5es para melhorar a qualidade de vida das pessoas com s\u00edndrome de Down incluem satisfazer as necessidades de cuidados de sa\u00fade, como exames regulares com profissionais do setor para monitorar a condi\u00e7\u00e3o f\u00edsica e mental dos pacientes.<\/p>\n<p>Outra medida indicada \u00e9 fornecer interven\u00e7\u00e3o atempada, seja com fisioterapia, terapia ocupacional, fonoaudiologia, aconselhamento ou educa\u00e7\u00e3o especial.<\/p>\n<p>De acordo com a ONU, as pessoas vivendo com a s\u00edndrome de Down podem melhorar a qualidade de vida com cuidados e apoio parentais, orienta\u00e7\u00e3o m\u00e9dica e sistemas comunit\u00e1rios de apoio, como a educa\u00e7\u00e3o inclusiva em todos os n\u00edveis.<\/p>\n<p>Estas a\u00e7\u00f5es e cuidados facilitam a participa\u00e7\u00e3o na sociedade das pessoas com a condi\u00e7\u00e3o e a realiza\u00e7\u00e3o do seu potencial.<\/p>\n<p>&nbsp;<\/p>\n<p>*fonte:\u00a0https:\/\/news.un.org\/<\/p>\n","protected":false},"excerpt":{"rendered":"<p>Organiza\u00e7\u00e3o ressalta que cuidados e apoio podem melhorar a qualidade de vida das pessoas vivendo com a condi\u00e7\u00e3o; at\u00e9 5<\/p>\n","protected":false},"author":3,"featured_media":7779,"comment_status":"open","ping_status":"open","sticky":false,"template":"","format":"standard","meta":{"footnotes":""},"categories":[1,4],"tags":[],"class_list":["post-7778","post","type-post","status-publish","format-standard","has-post-thumbnail","hentry","category-destaque","category-noticias"],"_links":{"self":[{"href":"https:\/\/folhadopirajucara.com.br\/index.php\/wp-json\/wp\/v2\/posts\/7778"}],"collection":[{"href":"https:\/\/folhadopirajucara.com.br\/index.php\/wp-json\/wp\/v2\/posts"}],"about":[{"href":"https:\/\/folhadopirajucara.com.br\/index.php\/wp-json\/wp\/v2\/types\/post"}],"author":[{"embeddable":true,"href":"https:\/\/folhadopirajucara.com.br\/index.php\/wp-json\/wp\/v2\/users\/3"}],"replies":[{"embeddable":true,"href":"https:\/\/folhadopirajucara.com.br\/index.php\/wp-json\/wp\/v2\/comments?post=7778"}],"version-history":[{"count":1,"href":"https:\/\/folhadopirajucara.com.br\/index.php\/wp-json\/wp\/v2\/posts\/7778\/revisions"}],"predecessor-version":[{"id":7780,"href":"https:\/\/folhadopirajucara.com.br\/index.php\/wp-json\/wp\/v2\/posts\/7778\/revisions\/7780"}],"wp:featuredmedia":[{"embeddable":true,"href":"https:\/\/folhadopirajucara.com.br\/index.php\/wp-json\/wp\/v2\/media\/7779"}],"wp:attachment":[{"href":"https:\/\/folhadopirajucara.com.br\/index.php\/wp-json\/wp\/v2\/media?parent=7778"}],"wp:term":[{"taxonomy":"category","embeddable":true,"href":"https:\/\/folhadopirajucara.com.br\/index.php\/wp-json\/wp\/v2\/categories?post=7778"},{"taxonomy":"post_tag","embeddable":true,"href":"https:\/\/folhadopirajucara.com.br\/index.php\/wp-json\/wp\/v2\/tags?post=7778"}],"curies":[{"name":"wp","href":"https:\/\/api.w.org\/{rel}","templated":true}]}}