{"id":7781,"date":"2024-03-25T19:14:37","date_gmt":"2024-03-25T22:14:37","guid":{"rendered":"http:\/\/folhadopirajucara.com.br\/?p=7781"},"modified":"2024-03-25T19:15:37","modified_gmt":"2024-03-25T22:15:37","slug":"camara-municipal-realiza-nesta-quarta-feira-27-sessao-solene-para-entrega-da-medalha-laurita-ortega-mari","status":"publish","type":"post","link":"https:\/\/folhadopirajucara.com.br\/index.php\/2024\/03\/25\/camara-municipal-realiza-nesta-quarta-feira-27-sessao-solene-para-entrega-da-medalha-laurita-ortega-mari\/","title":{"rendered":"C\u00e2mara Municipal realiza nesta quarta-feira, 27, sess\u00e3o solene para entrega da Medalha Laurita Ortega Mari"},"content":{"rendered":"<p><img loading=\"lazy\" decoding=\"async\" class=\"size-medium wp-image-7783 alignleft\" src=\"https:\/\/folhadopirajucara.com.br\/wp-content\/uploads\/2024\/03\/Convite-Sess\u00e3o-Solene-Medalha-Laurita-Ortega-Mari-300x210.jpg\" alt=\"\" width=\"300\" height=\"210\" srcset=\"https:\/\/folhadopirajucara.com.br\/wp-content\/uploads\/2024\/03\/Convite-Sess\u00e3o-Solene-Medalha-Laurita-Ortega-Mari-300x210.jpg 300w, https:\/\/folhadopirajucara.com.br\/wp-content\/uploads\/2024\/03\/Convite-Sess\u00e3o-Solene-Medalha-Laurita-Ortega-Mari-768x538.jpg 768w, https:\/\/folhadopirajucara.com.br\/wp-content\/uploads\/2024\/03\/Convite-Sess\u00e3o-Solene-Medalha-Laurita-Ortega-Mari-1024x717.jpg 1024w, https:\/\/folhadopirajucara.com.br\/wp-content\/uploads\/2024\/03\/Convite-Sess\u00e3o-Solene-Medalha-Laurita-Ortega-Mari-130x90.jpg 130w, https:\/\/folhadopirajucara.com.br\/wp-content\/uploads\/2024\/03\/Convite-Sess\u00e3o-Solene-Medalha-Laurita-Ortega-Mari.jpg 1279w\" sizes=\"(max-width: 300px) 100vw, 300px\" \/>A C\u00e2mara Municipal de Tabo\u00e3o da Serra realiza na pr\u00f3xima quarta-feira, dia 27, a partir das 18h, sess\u00e3o solene para a entrega da Medalha Laurita Ortega Mari, honraria criada em comemora\u00e7\u00e3o ao \u201cDia Internacional da Mulher\u201d. Ser\u00e3o homenageadas 26 mulheres, que tiveram seus nomes aprovados por unanimidade pelo plen\u00e1rio.<\/p>\n<p>O presidente da C\u00e2mara Municipal, Dr. Andr\u00e9 da Sorriso, lembra que a Medalha Laurita Ortega Mari \u00e9 uma forma de reconhecimento feito pelo munic\u00edpio a todas as mulheres, que contribuem com servi\u00e7os relevantes para o crescimento de Tabo\u00e3o da Serra, pela sua luta contra o machismo e pelos direitos das mulheres e de igualdade.<\/p>\n<p>\u201cA C\u00e2mara Municipal se sente muito orgulhosa em reconhecer o trabalho dessas mulheres que, cada uma de sua forma, contribuem para uma sociedade mais justa e igualit\u00e1ria. Tenho certeza que essas mulheres que ser\u00e3o homenageadas ter\u00e3o seus nomes escritos na nossa hist\u00f3ria\u201d, diz Dr. Andr\u00e9 da Sorriso.<\/p>\n<p>As mulheres homenageadas deste ano s\u00e3o:<\/p>\n<p><strong>Alex Bodinho: <\/strong>Rebeca Gordiano Carneiro Oliveira e Bianca Santiago de Alc\u00e2ntara<\/p>\n<p><strong>Anderson N\u00f3brega: <\/strong>Amanda Vetorazzo Carneiro e diaconisa Rosemeire Sueli de Barros Ribeiro<\/p>\n<p><strong>Carlinhos do Leme: <\/strong>Dra. Aline Dalla Pria e Ana Carolina Bomilcar Kato<\/p>\n<p><strong>Celso Rodrigo Gallo: <\/strong>Dila Fernandes da Rocha e Juliana de Paula Polin\u00e1rio<\/p>\n<p><strong>Dr. Andr\u00e9 da Sorriso: <\/strong>Iara Boldrini Sandes e Maria Michele da Rocha Silva<\/p>\n<p><strong>Dr. Ronaldo Onishi: <\/strong>Andrea Gomes Rosa Silva e Valdislene Aparecida Machado Saback<\/p>\n<p><strong>Enfermeiro Rodney: <\/strong>Audeide de Andrade Ferreira e Nat\u00e1lia Neves Pena<\/p>\n<p><strong>Erica Franquini: <\/strong>Ana Paula da Silva e Maria Geni dos Santos<\/p>\n<p><strong>Joice Silva: <\/strong>Fab\u00edola Ataide Ampessan e Marcia Cippiciani de Andrade<\/p>\n<p><strong>Luzia Apr\u00edgio: <\/strong>Elisangela Maria de Oliveira e Dra. Luana Piccin Hassan<\/p>\n<p><strong>Marcos Paulo de Oliveira: <\/strong>Linaura Pereira dos Santos e Rosiane Aparecida de Souza Moreira<\/p>\n<p><strong>Nezito: <\/strong>Sueli Miranda de Santana e Vanusa Aparecida Bueno Ferreira<\/p>\n<p><strong>Sandro Ayres: <\/strong>Solange Silva Santos e Id\u00e1lia Maria de Jesus<\/p>\n<p>A sess\u00e3o solene acontece no Plen\u00e1rio da C\u00e2mara Municipal. O evento \u00e9 aberto ao p\u00fablico e a cerim\u00f4nia ser\u00e1 transmitida pelo canal oficial do Legislativo na plataforma Youtube.<\/p>\n<p><strong>SERVI\u00c7O:<\/strong><\/p>\n<p>Entrega da Medalha Laurita Ortega Mari<br \/>\nQuando: 27 de mar\u00e7o (quarta-feira), \u00e0s 18h<br \/>\nLocal: C\u00e2mara Municipal de Tabo\u00e3o da Serra (Estrada S\u00e3o Francisco, 2013 \u2013 Jardim Helena)<\/p>\n<p>&nbsp;<\/p>\n<p>*por:\u00a0Allan dos Reis (Assessoria de Imprensa da CMTS)<\/p>\n","protected":false},"excerpt":{"rendered":"<p>A C\u00e2mara Municipal de Tabo\u00e3o da Serra realiza na pr\u00f3xima quarta-feira, dia 27, a partir das 18h, sess\u00e3o solene para<\/p>\n","protected":false},"author":3,"featured_media":7782,"comment_status":"open","ping_status":"open","sticky":false,"template":"","format":"standard","meta":{"footnotes":""},"categories":[1,4,10],"tags":[],"class_list":["post-7781","post","type-post","status-publish","format-standard","has-post-thumbnail","hentry","category-destaque","category-noticias","category-taboao-da-serra"],"_links":{"self":[{"href":"https:\/\/folhadopirajucara.com.br\/index.php\/wp-json\/wp\/v2\/posts\/7781"}],"collection":[{"href":"https:\/\/folhadopirajucara.com.br\/index.php\/wp-json\/wp\/v2\/posts"}],"about":[{"href":"https:\/\/folhadopirajucara.com.br\/index.php\/wp-json\/wp\/v2\/types\/post"}],"author":[{"embeddable":true,"href":"https:\/\/folhadopirajucara.com.br\/index.php\/wp-json\/wp\/v2\/users\/3"}],"replies":[{"embeddable":true,"href":"https:\/\/folhadopirajucara.com.br\/index.php\/wp-json\/wp\/v2\/comments?post=7781"}],"version-history":[{"count":2,"href":"https:\/\/folhadopirajucara.com.br\/index.php\/wp-json\/wp\/v2\/posts\/7781\/revisions"}],"predecessor-version":[{"id":7785,"href":"https:\/\/folhadopirajucara.com.br\/index.php\/wp-json\/wp\/v2\/posts\/7781\/revisions\/7785"}],"wp:featuredmedia":[{"embeddable":true,"href":"https:\/\/folhadopirajucara.com.br\/index.php\/wp-json\/wp\/v2\/media\/7782"}],"wp:attachment":[{"href":"https:\/\/folhadopirajucara.com.br\/index.php\/wp-json\/wp\/v2\/media?parent=7781"}],"wp:term":[{"taxonomy":"category","embeddable":true,"href":"https:\/\/folhadopirajucara.com.br\/index.php\/wp-json\/wp\/v2\/categories?post=7781"},{"taxonomy":"post_tag","embeddable":true,"href":"https:\/\/folhadopirajucara.com.br\/index.php\/wp-json\/wp\/v2\/tags?post=7781"}],"curies":[{"name":"wp","href":"https:\/\/api.w.org\/{rel}","templated":true}]}}