{"id":788,"date":"2018-10-15T22:55:40","date_gmt":"2018-10-16T01:55:40","guid":{"rendered":"http:\/\/folhadopirajucara.com.br\/?p=788"},"modified":"2018-10-20T18:22:52","modified_gmt":"2018-10-20T21:22:52","slug":"contra-cassacao-das-vozes-dos-vereadores-presidente-joice-silva-manda-gcm-esvaziar-galeria-da-camara-de-taboao-da-serra","status":"publish","type":"post","link":"https:\/\/folhadopirajucara.com.br\/index.php\/2018\/10\/15\/contra-cassacao-das-vozes-dos-vereadores-presidente-joice-silva-manda-gcm-esvaziar-galeria-da-camara-de-taboao-da-serra\/","title":{"rendered":"Contra \u201ccassa\u00e7\u00e3o\u201d das vozes dos vereadores, presidente Joice Silva manda GCM esvaziar galeria da C\u00e2mara de Tabo\u00e3o da Serra"},"content":{"rendered":"<p><img loading=\"lazy\" decoding=\"async\" class=\"size-full wp-image-789 alignleft\" src=\"https:\/\/folhadopirajucara.com.br\/wp-content\/uploads\/2018\/10\/Celsinho-causa-confus\u00e3o-sc.jpg\" alt=\"\" width=\"270\" height=\"129\" \/><\/p>\n<p>Durante a 29\u00aa Sess\u00e3o Ordin\u00e1ria da C\u00e2mara Municipal de Tabo\u00e3o da Serra, em 09\/10, o clima tenso e pesado, mais uma vez tumultuou os trabalhos legislativos, chegando ao extremo da GCM ter que esvaziar a galeria da Casa de Leis.<\/p>\n<p>A galeria da C\u00e2mara, dividida entre os grupos das \u201ceduardetes\u201d e anti-eduardetes, promoveram uma verdadeira \u201ccassa\u00e7\u00e3o\u201d das vozes dos vereadores. Enquanto as \u201ceduardetes\u201d promoviam vaias e gritos de guerras contra os vereadores da base governista que faziam o uso de suas palavras, o grupo oposto teve a mesma postura em rela\u00e7\u00e3o aos vereadores de oposi\u00e7\u00e3o.<\/p>\n<p>Das 10h at\u00e9 as 12h os vereadores conseguiram votar apenas a Ata da 24\u00aa Sess\u00e3o Ordin\u00e1ria do dia 24\/09. Nem mesmo o vereador Eduardo N\u00f3brega mostrou ter controle sobre seu grupo. Em virtude disto a inten\u00e7\u00e3o do vereador de ter lido o requerimento apresentado pelo bloco de oposi\u00e7\u00e3o ficou invi\u00e1vel, uma vez que o seu pr\u00f3prio grupo estava mais interessado em provocar e vaiar os vereadores da base do governo que n\u00e3o houve tempo para a leitura de nenhuma propositura.<\/p>\n<p>A vereadora Priscila Sampaio foi severamente vaiada e interrompida ao tentar falar das \u201cMulheres do Eduardo\u201d, grupo de apoio presente a galeria da C\u00e2mara em apoio ao vereador Eduardo N\u00f3brega, a quem algumas pessoas j\u00e1 chamavam de \u201ceduardetes\u201d.<\/p>\n<p>&nbsp;<\/p>\n<p><strong>Esvaziamento da galeria<\/strong><\/p>\n<p><strong>\u00a0<\/strong><\/p>\n<p>Por diversas vezes a presidente da C\u00e2mara, a vereadora Joice Silva, rogava a ambos os grupos que respeitassem os oradores em Tribuna. Com o acaloramento das manifesta\u00e7\u00f5es, pela lota\u00e7\u00e3o da galeria e a presen\u00e7a de algumas crian\u00e7as, a presidente em decis\u00e3o colegiada, solicitou a GCM que esvaziasse as galerias da C\u00e2mara por quest\u00e3o de seguran\u00e7a de todos.<\/p>\n<p>Pela decis\u00e3o de todos os vereadores ficariam apenas os Assessores de Gabinete, os Vereadores e a Imprensa.<\/p>\n<p>Ap\u00f3s o esvaziamento, j\u00e1 perto das 13h30min, um segundo tumulto teve inicio no Plen\u00e1rio da C\u00e2mara.<\/p>\n<p>Como a determina\u00e7\u00e3o dos vereadores foi contra a presen\u00e7a de qualquer pessoa que n\u00e3o fosse das assessorias e da imprensa, o protagonista da nova desordem foi o funcion\u00e1rio da C\u00e2mara de Embu das Artes, Celso Vasconcelos, que mesmo n\u00e3o sendo jornalista n\u00e3o queria sair do espa\u00e7o de trabalho da Imprensa.<\/p>\n<p>Celso Vasconcelos, conhecido como Celsinho entrou em conflito com a presid\u00eancia e os vereadores, chegando amea\u00e7ar com retalia\u00e7\u00e3o a presidente Joice Silva.<\/p>\n<p>O desequil\u00edbrio emocional de Celsinho tamb\u00e9m voltou-se contra a Imprensa presente, com trocas de insultos e xingamentos contra os sites Jornal Na Net, Tabo\u00e3o em Foco e o jornal Atual.<\/p>\n<p>A confus\u00e3o ultrapassou as 14h e, quando Celsinho retirou-se do Plen\u00e1rio, a presidente Joice Silva deu inicio ao retorno dos trabalhos Legislativo e encerrou o expediente anunciando a 30\u00aa Sess\u00e3o Ordin\u00e1ria para o pr\u00f3ximo dia 16\/10.<\/p>\n","protected":false},"excerpt":{"rendered":"<p>Durante a 29\u00aa Sess\u00e3o Ordin\u00e1ria da C\u00e2mara Municipal de Tabo\u00e3o da Serra, em 09\/10, o clima tenso e pesado, mais<\/p>\n","protected":false},"author":3,"featured_media":730,"comment_status":"open","ping_status":"open","sticky":false,"template":"","format":"standard","meta":{"footnotes":""},"categories":[27,4,10],"tags":[],"class_list":["post-788","post","type-post","status-publish","format-standard","has-post-thumbnail","hentry","category-destaque-2","category-noticias","category-taboao-da-serra"],"_links":{"self":[{"href":"https:\/\/folhadopirajucara.com.br\/index.php\/wp-json\/wp\/v2\/posts\/788"}],"collection":[{"href":"https:\/\/folhadopirajucara.com.br\/index.php\/wp-json\/wp\/v2\/posts"}],"about":[{"href":"https:\/\/folhadopirajucara.com.br\/index.php\/wp-json\/wp\/v2\/types\/post"}],"author":[{"embeddable":true,"href":"https:\/\/folhadopirajucara.com.br\/index.php\/wp-json\/wp\/v2\/users\/3"}],"replies":[{"embeddable":true,"href":"https:\/\/folhadopirajucara.com.br\/index.php\/wp-json\/wp\/v2\/comments?post=788"}],"version-history":[{"count":0,"href":"https:\/\/folhadopirajucara.com.br\/index.php\/wp-json\/wp\/v2\/posts\/788\/revisions"}],"wp:featuredmedia":[{"embeddable":true,"href":"https:\/\/folhadopirajucara.com.br\/index.php\/wp-json\/wp\/v2\/media\/730"}],"wp:attachment":[{"href":"https:\/\/folhadopirajucara.com.br\/index.php\/wp-json\/wp\/v2\/media?parent=788"}],"wp:term":[{"taxonomy":"category","embeddable":true,"href":"https:\/\/folhadopirajucara.com.br\/index.php\/wp-json\/wp\/v2\/categories?post=788"},{"taxonomy":"post_tag","embeddable":true,"href":"https:\/\/folhadopirajucara.com.br\/index.php\/wp-json\/wp\/v2\/tags?post=788"}],"curies":[{"name":"wp","href":"https:\/\/api.w.org\/{rel}","templated":true}]}}