{"id":7964,"date":"2024-05-17T21:29:20","date_gmt":"2024-05-18T00:29:20","guid":{"rendered":"http:\/\/folhadopirajucara.com.br\/?p=7964"},"modified":"2024-05-18T21:30:33","modified_gmt":"2024-05-19T00:30:33","slug":"mostra-cultural-arte-em-acao-da-educacao-acontece-sabado-18-05-no-ginasio-ayrton-senna","status":"publish","type":"post","link":"https:\/\/folhadopirajucara.com.br\/index.php\/2024\/05\/17\/mostra-cultural-arte-em-acao-da-educacao-acontece-sabado-18-05-no-ginasio-ayrton-senna\/","title":{"rendered":"Mostra Cultural &#8211; Arte em a\u00e7\u00e3o da Educa\u00e7\u00e3o acontece s\u00e1bado, 18\/05, no Gin\u00e1sio Ayrton Senna"},"content":{"rendered":"<p>As escolas p\u00fablicas municipais de Tabo\u00e3o da Serra est\u00e3o se preparando para a Mostra Cultural \u2013 Arte em a\u00e7\u00e3o! Promovido pela Secretaria Municipal de Educa\u00e7\u00e3o (SEDUC), o evento acontecer\u00e1 nos dias 18 e 25\/05. Na primeira data, as apresenta\u00e7\u00f5es ser\u00e3o feitas pelas 23 Escolas Municipais de Ensino Fundamental (EMEF), incluindo a Educa\u00e7\u00e3o de Jovens e Adultos (EJA), e pela Escola Municipal de Artes, no Gin\u00e1sio Ayrton Senna da Silva, rua Jos\u00e9 Francisco dos Santos, 120, Jardim Helena, das 9h \u00e0s 17h. A entrada \u00e9 franca.<\/p>\n<p>Ricardo Brocco, da equipe respons\u00e1vel pelo evento, fala um pouco mais sobre os preparativos. \u201cNesse ano, os alunos escolheram aquilo que mais se identificaram e que possuem afinidade para se apresentarem na Mostra Cultural. V\u00e3o ter apresenta\u00e7\u00f5es de dan\u00e7a, bal\u00e9, teatro e m\u00fasica. Toda a coordena\u00e7\u00e3o escolar est\u00e1 participando do projeto, as crian\u00e7as est\u00e3o ansiosas e ensaiando todos os dias!\u201d, ressalta.<\/p>\n<p>A Mostra Cultural procura potencializar as habilidades dos estudantes por meio da arte, impulsionando e inspirando os jovens, e tamb\u00e9m, transformando a realidade de suas vidas. Al\u00e9m de aproximar as fam\u00edlias do ambiente escolar, por meio de uma proposta l\u00fadica e art\u00edstica, e exercitar a expressividade das crian\u00e7as.<\/p>\n<p>\u201cA Educa\u00e7\u00e3o aqui em Tabo\u00e3o proporciona aos estudantes experi\u00eancias que v\u00e3o al\u00e9m da sala de aula. \u00c9 importante envolver o aluno na arte e na cultura. Realizar esse projeto nos leva a crer que estamos no caminho certo para um melhor futuro educacional\u201d, ressalta a secret\u00e1ria de Educa\u00e7\u00e3o, Dirce Takano.<\/p>\n<p>Cada escola ter\u00e1 10 minutos para apresenta\u00e7\u00e3o, e o evento ser\u00e1 dividido em dois turnos, matutino e vespertino. A Mostra Cultural &#8211; Arte em a\u00e7\u00e3o come\u00e7ar\u00e1 pelo bal\u00e9, realizada pelos alunos da Escola Municipal de Artes. O per\u00edodo da manh\u00e3 ser\u00e1 encerrado pela EMEF Ana Mafalda Barbosa de Carvalho, e a parte da tarde ser\u00e1 iniciada pelos estudantes das aulas de m\u00fasica. A EMEF Prof.\u00aa Ester Cordeiro de Souza encerrar\u00e1 o evento neste segundo per\u00edodo.<\/p>\n<p>O prefeito Apr\u00edgio realiza convite \u00e0 popula\u00e7\u00e3o para participar. \u201cVai ser um evento lindo e especial, que agregar\u00e1 fam\u00edlias, alunos, professores e equipes de apoio escolar. Por isso, convido a todos a se juntarem na Mostra Cultural\u201d, ressalta o prefeito Apr\u00edgio.<\/p>\n<p>Mostra Cultural &#8211; Arte em a\u00e7\u00e3o das EMIs<\/p>\n<p>As Escolas Municipais de Educa\u00e7\u00e3o Infantil (EMI) ir\u00e3o realizar suas apresenta\u00e7\u00f5es no s\u00e1bado, no dia 25\/05, das 9h \u00e0s 17h, em sua pr\u00f3pria unidade.<\/p>\n<p>Para os alunos da rede municipal, ser\u00e3o exploradas propostas culturais que desenvolvam habilidades dentro da faixa et\u00e1ria por meio da arte.<\/p>\n<p>Servi\u00e7o:<br \/>\nMostra Cultural &#8211; Arte em a\u00e7\u00e3o<\/p>\n<p>EMEFs, EJA e Escola Municipal de Artes<br \/>\nData: 18\/05, das 9h \u00e0s 17h.<br \/>\nLocal: Gin\u00e1sio Ayrton Senna da Silva<br \/>\nRua Jos\u00e9 Francisco dos Santos, 120, Jardim Helena<\/p>\n<p>EMIs<br \/>\nData: 25\/05, das 9h \u00e0s 17h.<br \/>\nLocal: nas pr\u00f3prias escolas<\/p>\n<p>Texto\u00a0Lorena Trevisan, sob supervis\u00e3o de Vera Sampaio e Renata Gomes \/ foto divulga\u00e7\u00e3o Secom\/PMTS<\/p>\n","protected":false},"excerpt":{"rendered":"<p>As escolas p\u00fablicas municipais de Tabo\u00e3o da Serra est\u00e3o se preparando para a Mostra Cultural \u2013 Arte em a\u00e7\u00e3o! Promovido<\/p>\n","protected":false},"author":3,"featured_media":7965,"comment_status":"open","ping_status":"open","sticky":false,"template":"","format":"standard","meta":{"footnotes":""},"categories":[1,4,10],"tags":[],"class_list":["post-7964","post","type-post","status-publish","format-standard","has-post-thumbnail","hentry","category-destaque","category-noticias","category-taboao-da-serra"],"_links":{"self":[{"href":"https:\/\/folhadopirajucara.com.br\/index.php\/wp-json\/wp\/v2\/posts\/7964"}],"collection":[{"href":"https:\/\/folhadopirajucara.com.br\/index.php\/wp-json\/wp\/v2\/posts"}],"about":[{"href":"https:\/\/folhadopirajucara.com.br\/index.php\/wp-json\/wp\/v2\/types\/post"}],"author":[{"embeddable":true,"href":"https:\/\/folhadopirajucara.com.br\/index.php\/wp-json\/wp\/v2\/users\/3"}],"replies":[{"embeddable":true,"href":"https:\/\/folhadopirajucara.com.br\/index.php\/wp-json\/wp\/v2\/comments?post=7964"}],"version-history":[{"count":1,"href":"https:\/\/folhadopirajucara.com.br\/index.php\/wp-json\/wp\/v2\/posts\/7964\/revisions"}],"predecessor-version":[{"id":7966,"href":"https:\/\/folhadopirajucara.com.br\/index.php\/wp-json\/wp\/v2\/posts\/7964\/revisions\/7966"}],"wp:featuredmedia":[{"embeddable":true,"href":"https:\/\/folhadopirajucara.com.br\/index.php\/wp-json\/wp\/v2\/media\/7965"}],"wp:attachment":[{"href":"https:\/\/folhadopirajucara.com.br\/index.php\/wp-json\/wp\/v2\/media?parent=7964"}],"wp:term":[{"taxonomy":"category","embeddable":true,"href":"https:\/\/folhadopirajucara.com.br\/index.php\/wp-json\/wp\/v2\/categories?post=7964"},{"taxonomy":"post_tag","embeddable":true,"href":"https:\/\/folhadopirajucara.com.br\/index.php\/wp-json\/wp\/v2\/tags?post=7964"}],"curies":[{"name":"wp","href":"https:\/\/api.w.org\/{rel}","templated":true}]}}