{"id":8070,"date":"2024-06-21T22:56:39","date_gmt":"2024-06-22T01:56:39","guid":{"rendered":"http:\/\/folhadopirajucara.com.br\/?p=8070"},"modified":"2024-06-23T22:56:57","modified_gmt":"2024-06-24T01:56:57","slug":"novo-parque-de-taboao-da-serra-sera-batizado-em-homenagem-ao-ex-prefeito-evilasio","status":"publish","type":"post","link":"https:\/\/folhadopirajucara.com.br\/index.php\/2024\/06\/21\/novo-parque-de-taboao-da-serra-sera-batizado-em-homenagem-ao-ex-prefeito-evilasio\/","title":{"rendered":"Novo Parque de Tabo\u00e3o da Serra ser\u00e1 batizado em homenagem ao ex-prefeito Evil\u00e1sio"},"content":{"rendered":"<p>O prefeito Apr\u00edgio ir\u00e1 batizar o novo parque de Tabo\u00e3o da Serra, o Parque Central, que ser\u00e1 constru\u00eddo na regi\u00e3o do Jd. S\u00e3o Judas e Jd. Maria Helena, em homenagem ao ex-prefeito Evil\u00e1sio Cavalcante de Farias, que morreu nesta quinta-feira, dia 20.<\/p>\n<p>O decreto n\u00ba 135\/2024 ser\u00e1 publicado no Di\u00e1rio Oficial neste fim de semana e ser\u00e1 a primeira homenagem e reconhecimento do Poder P\u00fablico ao legado deixado pelo ex-prefeito Evil\u00e1sio.<\/p>\n<p>O Parque ser\u00e1 constru\u00eddo ap\u00f3s a desapropria\u00e7\u00e3o do terreno da Ch\u00e1cara do Japon\u00eas, na avenida Cid Nelson Jordano, um dos poucos espa\u00e7os que Tabo\u00e3o da Serra ainda possui. A verba para o projeto \u00e9 destinado pelo Novo Programa de Acelera\u00e7\u00e3o do Crescimento (PAC) do Governo Lula.<\/p>\n<p>Tabo\u00e3o da Serra foi contemplado com R$ 130 milh\u00f5es que ser\u00e3o investidos na desapropria\u00e7\u00e3o do terreno, melhorias do local e acessibilidade, transformando o espa\u00e7o em um parque p\u00fablico com oferta de lazer e esporte para toda a popula\u00e7\u00e3o daquela regi\u00e3o.<\/p>\n<p>Al\u00e9m do parque, a regi\u00e3o do Jd. S\u00e3o Judas e Jd. Maria Helena receber\u00e1 cerca de 24,6 milh\u00f5es para conten\u00e7\u00e3o de encostas, preven\u00e7\u00e3o de desastres, regulariza\u00e7\u00e3o fundi\u00e1ria e melhorias no entorno do c\u00f3rrego Ponte Alta. O dinheiro ser\u00e1 transferido para Tabo\u00e3o da Serra nos pr\u00f3ximos dias.<\/p>\n<p>\u201cQueremos levar mais lazer para esses moradores, principalmente a terceira idade, as crian\u00e7as e jovens. Ser\u00e1 um parque fant\u00e1stico, com muitas op\u00e7\u00f5es para os moradores de Tabo\u00e3o da Serra, vamos fazer o maior investimento j\u00e1 visto na hist\u00f3ria da nossa cidade com essa parceria com o Governo do Estado\u201d, comemorou Apr\u00edgio.<\/p>\n<p>A prefeitura calcula que no ser\u00e3o investidos cerca de R$ 105 milh\u00f5es no Parque Central e outros 24,6 milh\u00f5es para conten\u00e7\u00e3o de encostas, preven\u00e7\u00e3o de desastres, regulariza\u00e7\u00e3o fundi\u00e1ria e melhorias no entorno do c\u00f3rrego Ponte Alta. O dinheiro ser\u00e1 transferido para Tabo\u00e3o da Serra nos pr\u00f3ximos dias.<\/p>\n<p>O deputado estadual Eduardo N\u00f3brega esteve junto com o prefeito Apr\u00edgio em Bras\u00edlia e disse que Tabo\u00e3o da Serra ter\u00e1 um dos mais importantes parques e \u00e1rea de lazer da Grande S\u00e3o Paulo. \u201cTemos muito que comemorar, esse espa\u00e7o era alvo de especula\u00e7\u00e3o imobili\u00e1ria, Apr\u00edgio entendeu que essa enorme \u00e1rea deve ser destinada ao verde, ao lazer da nossa popula\u00e7\u00e3o e esse projeto vai sair do papel com esse investimento recorde\u201d.<\/p>\n<p>O Novo PAC foi lan\u00e7ado pelo presidente Lula em setembro de 2023, quando foram anunciados investimentos de R$ 65,2 bilh\u00f5es para sele\u00e7\u00f5es de obras e empreendimentos, com participa\u00e7\u00e3o dos estados e munic\u00edpios. Tabo\u00e3o da Serra teve um projeto aprovado e receber\u00e1 esse investimento recorde.<\/p>\n<p>O recurso est\u00e1 contemplado no investimento total do Novo PAC que \u00e9 de R$ 1,7 trilh\u00e3o. No total, o programa compreende cinco eixos e 27 modalidades, executadas pelos Minist\u00e9rios das Cidades, Sa\u00fade, Educa\u00e7\u00e3o, Cultura, Justi\u00e7a e Esporte, sob coordena\u00e7\u00e3o da Casa Civil.<\/p>\n<p>&nbsp;<\/p>\n<p><strong>Lula investe em preven\u00e7\u00e3o<\/strong><\/p>\n<p>&nbsp;<\/p>\n<p>O presidente Luiz In\u00e1cio Lula da Silva anunciou nesta quarta-feira (8) novas obras do Programa de Acelera\u00e7\u00e3o do Crescimento (PAC) no valor de R$ 18,3 bilh\u00f5es \u2013 incluindo R$ 1,7 bilh\u00e3o para a preven\u00e7\u00e3o de desastres. O an\u00fancio acontece em meio a enchentes registradas desde o fim de abril no Rio Grande do Sul.<\/p>\n<p>Ao todo, 91 munic\u00edpios com problemas recorrentes de deslizamentos de terra foram selecionados para receber obras de conten\u00e7\u00e3o de encostas. As interven\u00e7\u00f5es ocorrem em cidades classificadas pelo governo federal como cr\u00edticas, onde h\u00e1 \u00e1reas de risco alto ou muito alto para a popula\u00e7\u00e3o local.<\/p>\n<p>&nbsp;<\/p>\n<p><strong>Quem foi Dr Evil\u00e1sio Farias<\/strong><\/p>\n<p>&nbsp;<\/p>\n<p>Vereador de Tabo\u00e3o da Serra por dois mandatos, foi o primeiro deputado federal eleito na hist\u00f3ria da cidade. Eleito pela primeira vez em 1998, se licenciou do cargo para assumir a Secretaria Municipal de Assist\u00eancia Social de S\u00e3o Paulo, entre 2001 e 2002, na gest\u00e3o da prefeita Marta Suplicy. De volta \u00e0 c\u00e2mara, foi reeleito em 2022 com 63.710 votos, tendo obtido 23.187 votos apenas em Tabo\u00e3o.<\/p>\n<p>Deputado pela segunda vez, deixou o cargo para disputar a elei\u00e7\u00e3o \u00e0 prefeitura da mesma cidade em 2004, concorrendo contra a candidata da situa\u00e7\u00e3o Arlete Silva, em uma disputada elei\u00e7\u00e3o &#8211; que teve direito a pesquisas apontando as mais diversas tend\u00eancias &#8211; venceu por 72.764 votos contra 50.772 de Arlete.<\/p>\n<p>Em 2008, foi reeleito prefeito com 51,83% dos votos v\u00e1lidos, o equivalente a 69.067 votos, derrotando o ex-prefeito Fernando Fernandes, do PSDB. Deixou a prefeitura de Tabo\u00e3o da Serra em 2012\u00a0e tentou voltar ao cargo em 2016, onde terminou derrotado pelo ent\u00e3o candidato \u00e0 reelei\u00e7\u00e3o Fernando Fernandes em primeiro turno.<\/p>\n<p>Em 2022, sempre pela legenda do PSB, Dr. Evil\u00e1sio disputou uma vaga na C\u00e2mara dos Deputados\u00a0e acabou n\u00e3o se elegendo, angariando 10.087 votos.<\/p>\n<p>&nbsp;<\/p>\n<p>&nbsp;<\/p>\n<p>*fonte: O Taboanense \/\/ *foto: Eduardo Toledo<\/p>\n","protected":false},"excerpt":{"rendered":"<p>O prefeito Apr\u00edgio ir\u00e1 batizar o novo parque de Tabo\u00e3o da Serra, o Parque Central, que ser\u00e1 constru\u00eddo na regi\u00e3o<\/p>\n","protected":false},"author":3,"featured_media":8071,"comment_status":"open","ping_status":"open","sticky":false,"template":"","format":"standard","meta":{"footnotes":""},"categories":[1,4,10],"tags":[],"class_list":["post-8070","post","type-post","status-publish","format-standard","has-post-thumbnail","hentry","category-destaque","category-noticias","category-taboao-da-serra"],"_links":{"self":[{"href":"https:\/\/folhadopirajucara.com.br\/index.php\/wp-json\/wp\/v2\/posts\/8070"}],"collection":[{"href":"https:\/\/folhadopirajucara.com.br\/index.php\/wp-json\/wp\/v2\/posts"}],"about":[{"href":"https:\/\/folhadopirajucara.com.br\/index.php\/wp-json\/wp\/v2\/types\/post"}],"author":[{"embeddable":true,"href":"https:\/\/folhadopirajucara.com.br\/index.php\/wp-json\/wp\/v2\/users\/3"}],"replies":[{"embeddable":true,"href":"https:\/\/folhadopirajucara.com.br\/index.php\/wp-json\/wp\/v2\/comments?post=8070"}],"version-history":[{"count":2,"href":"https:\/\/folhadopirajucara.com.br\/index.php\/wp-json\/wp\/v2\/posts\/8070\/revisions"}],"predecessor-version":[{"id":8073,"href":"https:\/\/folhadopirajucara.com.br\/index.php\/wp-json\/wp\/v2\/posts\/8070\/revisions\/8073"}],"wp:featuredmedia":[{"embeddable":true,"href":"https:\/\/folhadopirajucara.com.br\/index.php\/wp-json\/wp\/v2\/media\/8071"}],"wp:attachment":[{"href":"https:\/\/folhadopirajucara.com.br\/index.php\/wp-json\/wp\/v2\/media?parent=8070"}],"wp:term":[{"taxonomy":"category","embeddable":true,"href":"https:\/\/folhadopirajucara.com.br\/index.php\/wp-json\/wp\/v2\/categories?post=8070"},{"taxonomy":"post_tag","embeddable":true,"href":"https:\/\/folhadopirajucara.com.br\/index.php\/wp-json\/wp\/v2\/tags?post=8070"}],"curies":[{"name":"wp","href":"https:\/\/api.w.org\/{rel}","templated":true}]}}