{"id":8121,"date":"2024-07-15T19:14:41","date_gmt":"2024-07-15T22:14:41","guid":{"rendered":"http:\/\/folhadopirajucara.com.br\/?p=8121"},"modified":"2024-07-15T19:14:41","modified_gmt":"2024-07-15T22:14:41","slug":"cristo-redentor-em-laranja-e-marca-da-conscientizacao-sobre-o-tdah","status":"publish","type":"post","link":"https:\/\/folhadopirajucara.com.br\/index.php\/2024\/07\/15\/cristo-redentor-em-laranja-e-marca-da-conscientizacao-sobre-o-tdah\/","title":{"rendered":"Cristo Redentor em laranja \u00e9 marca da conscientiza\u00e7\u00e3o sobre o TDAH"},"content":{"rendered":"<p><img loading=\"lazy\" decoding=\"async\" class=\"size-medium wp-image-8124 alignleft\" src=\"https:\/\/folhadopirajucara.com.br\/wp-content\/uploads\/2024\/07\/unnamed-11-300x200.jpg\" alt=\"\" width=\"300\" height=\"200\" srcset=\"https:\/\/folhadopirajucara.com.br\/wp-content\/uploads\/2024\/07\/unnamed-11-300x200.jpg 300w, https:\/\/folhadopirajucara.com.br\/wp-content\/uploads\/2024\/07\/unnamed-11.jpg 650w\" sizes=\"(max-width: 300px) 100vw, 300px\" \/>O maior s\u00edmbolo do Brasil, o monumento ao Cristo Redentor, no Rio de Janeiro, ficou laranja. Na noite de 13 de julho, Dia Mundial do Transtorno do D\u00e9ficit de Aten\u00e7\u00e3o e Hiperatividade (TDAH), o Cristo Redentor foi iluminado com a cor que marca o m\u00eas de conscientiza\u00e7\u00e3o sobre a doen\u00e7a.<\/p>\n<p>A a\u00e7\u00e3o faz parte da campanha \u201cTDAH Al\u00e9m dos R\u00f3tulos\u201d, promovida pelo Movimento Dislexia TDAH GABCD, e que conta com apoio Cellera Farma. Alessandra Caturani Wajnsztejn, neuropsic\u00f3loga e coordenadora do movimento, agradeceu ao apoio do Santu\u00e1rio Arquidiocesano Cristo Redentor. \u201cEles entenderam a nossa causa e deram todo suporte para que essa a\u00e7\u00e3o hist\u00f3rica acontecesse\u201d, afirmou.<\/p>\n<p>Caracterizado por padr\u00f5es persistentes de desaten\u00e7\u00e3o, hiperatividade e impulsividade que interferem no funcionamento di\u00e1rio e no desenvolvimento pessoal impactando a vida do indiv\u00edduo, o TDAH precisa ser diagnosticado por m\u00e9dicos ou psic\u00f3logos especializados. Dados do Minist\u00e9rio da Sa\u00fade apontam que, at\u00e9 2022, a preval\u00eancia de TDAH era estimada em 7,6% em crian\u00e7as e adolescentes brasileiras com idade entre 6 e 17 anos, em 5,2% nas pessoas de 18 a 44 anos e 6,1% entre maiores de 44 anos apresentando sintomas do transtorno.<\/p>\n<p>A campanha \u201cTDAH Al\u00e9m dos R\u00f3tulos\u201d conta ainda com outras a\u00e7\u00f5es de conscientiza\u00e7\u00e3o, como uma hist\u00f3ria em quadrinhos da Turma da M\u00f4nica que ajuda no esclarecimento da popula\u00e7\u00e3o. O gibi, que ganhou uma vers\u00e3o na l\u00edngua de sinais, est\u00e1 dispon\u00edvel na internet (<a href=\"https:\/\/click.cse360.com.br\/Click\/AddCampaignEmailClick\/b6117ed6-b0fe-4668-603b-08dc8ed60b1b\/https%253a%252f%252fyoutu.be%252f2AMzgHsdoD0%253ffeature%253dshared\/7a1dbee4-a551-4023-abd6-02827c05c0ba\/fpirajucara@gmail.com\/True\" target=\"_blank\" rel=\"noopener noreferrer\" data-saferedirecturl=\"https:\/\/www.google.com\/url?q=https:\/\/click.cse360.com.br\/Click\/AddCampaignEmailClick\/b6117ed6-b0fe-4668-603b-08dc8ed60b1b\/https%25253a%25252f%25252fyoutu.be%25252f2AMzgHsdoD0%25253ffeature%25253dshared\/7a1dbee4-a551-4023-abd6-02827c05c0ba\/fpirajucara@gmail.com\/True&amp;source=gmail&amp;ust=1721167411785000&amp;usg=AOvVaw3qtRkxUBhwhibqO5So6vFU\">https:\/\/youtu.be\/2AMzgHsdoD0?<wbr \/>feature=shared<\/a>). O objetivo da campanha e de todas as suas a\u00e7\u00f5es, como a edi\u00e7\u00e3o do gibi pela Maur\u00edcio de Sousa Produ\u00e7\u00f5es e a ilumina\u00e7\u00e3o do monumento ao Cristo Redentor, \u00e9 conscientizar sobre o TDAH, uma vez que o diagn\u00f3stico tem de ser feito em etapas.<\/p>\n<p>Se houver suspeita de que uma crian\u00e7a ou adulto possa ter TDAH, \u00e9 recomendado buscar a avalia\u00e7\u00e3o e orienta\u00e7\u00e3o de profissionais especializados, que levar\u00e3o em considera\u00e7\u00e3o a avalia\u00e7\u00e3o abrangente dos sintomas e do impacto funcional. Cada caso \u00e9 \u00fanico, e o diagn\u00f3stico deve ser baseado em informa\u00e7\u00f5es individualizadas e precisas. Existem tratamentos e cuidados que ajudam a melhorar a qualidade de vida do paciente com o transtorno.<\/p>\n<p>&nbsp;<\/p>\n<p>*fonte:\u00a0Assessoria &#8211; LGA Comunica\u00e7\u00e3o \/\/ *cr\u00e9dito:\u00a0Lucas Jones<\/p>\n","protected":false},"excerpt":{"rendered":"<p>O maior s\u00edmbolo do Brasil, o monumento ao Cristo Redentor, no Rio de Janeiro, ficou laranja. Na noite de 13<\/p>\n","protected":false},"author":3,"featured_media":8122,"comment_status":"open","ping_status":"open","sticky":false,"template":"","format":"standard","meta":{"footnotes":""},"categories":[74,1,4],"tags":[],"class_list":["post-8121","post","type-post","status-publish","format-standard","has-post-thumbnail","hentry","category-beija-flor","category-destaque","category-noticias"],"_links":{"self":[{"href":"https:\/\/folhadopirajucara.com.br\/index.php\/wp-json\/wp\/v2\/posts\/8121"}],"collection":[{"href":"https:\/\/folhadopirajucara.com.br\/index.php\/wp-json\/wp\/v2\/posts"}],"about":[{"href":"https:\/\/folhadopirajucara.com.br\/index.php\/wp-json\/wp\/v2\/types\/post"}],"author":[{"embeddable":true,"href":"https:\/\/folhadopirajucara.com.br\/index.php\/wp-json\/wp\/v2\/users\/3"}],"replies":[{"embeddable":true,"href":"https:\/\/folhadopirajucara.com.br\/index.php\/wp-json\/wp\/v2\/comments?post=8121"}],"version-history":[{"count":1,"href":"https:\/\/folhadopirajucara.com.br\/index.php\/wp-json\/wp\/v2\/posts\/8121\/revisions"}],"predecessor-version":[{"id":8125,"href":"https:\/\/folhadopirajucara.com.br\/index.php\/wp-json\/wp\/v2\/posts\/8121\/revisions\/8125"}],"wp:featuredmedia":[{"embeddable":true,"href":"https:\/\/folhadopirajucara.com.br\/index.php\/wp-json\/wp\/v2\/media\/8122"}],"wp:attachment":[{"href":"https:\/\/folhadopirajucara.com.br\/index.php\/wp-json\/wp\/v2\/media?parent=8121"}],"wp:term":[{"taxonomy":"category","embeddable":true,"href":"https:\/\/folhadopirajucara.com.br\/index.php\/wp-json\/wp\/v2\/categories?post=8121"},{"taxonomy":"post_tag","embeddable":true,"href":"https:\/\/folhadopirajucara.com.br\/index.php\/wp-json\/wp\/v2\/tags?post=8121"}],"curies":[{"name":"wp","href":"https:\/\/api.w.org\/{rel}","templated":true}]}}