{"id":8152,"date":"2024-07-17T22:08:09","date_gmt":"2024-07-18T01:08:09","guid":{"rendered":"http:\/\/folhadopirajucara.com.br\/?p=8152"},"modified":"2024-07-17T22:08:09","modified_gmt":"2024-07-18T01:08:09","slug":"profissionais-do-sus-terao-acesso-a-prontuario-unificado-de-pacientes","status":"publish","type":"post","link":"https:\/\/folhadopirajucara.com.br\/index.php\/2024\/07\/17\/profissionais-do-sus-terao-acesso-a-prontuario-unificado-de-pacientes\/","title":{"rendered":"Profissionais do SUS ter\u00e3o acesso a prontu\u00e1rio unificado de pacientes"},"content":{"rendered":"<p>O aplicativo Meu SUS Digital, do Minist\u00e9rio da Sa\u00fade, vai permitir que profissionais da sa\u00fade possam ter acesso ao prontu\u00e1rio eletr\u00f4nico unificado, com o hist\u00f3rico de sa\u00fade dos pacientes. Os dados poder\u00e3o ser acessados durante a consulta, em qualquer ponto da rede de servi\u00e7os em todo o pa\u00eds.\u00a0<img decoding=\"async\" src=\"https:\/\/agenciabrasil.ebc.com.br\/ebc.png?id=1604259&amp;o=node\" alt=\"\" \/><img decoding=\"async\" src=\"https:\/\/agenciabrasil.ebc.com.br\/ebc.gif?id=1604259&amp;o=node\" alt=\"\" \/><\/p>\n<p>\u201cAt\u00e9 ent\u00e3o, o prontu\u00e1rio estava na unidade em que o usu\u00e1rio fazia o seu atendimento. Agora, esse prontu\u00e1rio passa a estar dispon\u00edvel em qualquer ponto da rede em todo o Brasil no contexto de atendimento. Ent\u00e3o, no momento em que esse paciente vai ser atendido, o profissional vai conseguir abrir o prontu\u00e1rio dele e ter as informa\u00e7\u00f5es. Isso garante qualidade e continuidade do cuidado\u201d, explicou a secret\u00e1ria de Informa\u00e7\u00e3o e Sa\u00fade Digital, Ana Estela Haddad, nesta ter\u00e7a-feira (16).<\/p>\n<p>Tamb\u00e9m foi anunciado hoje o Sum\u00e1rio Internacional do Paciente, que vai possibilitar que,\u00a0 em viagens internacionais, se a pessoa precisar de um atendimento de sa\u00fade, ela ter\u00e1 dispon\u00edvel no\u00a0Meu SUS Digital\u00a0dados b\u00e1sicos como medicamentos dos quais faz uso, alergias, entre outros, para consulta durante o atendimento.<\/p>\n<p>O compartilhamento de dados \u00e9 poss\u00edvel por meio da Rede Nacional de Dados em Sa\u00fade, que j\u00e1 conta com mais de 1,8 bilh\u00e3o de registros dispon\u00edveis. O aplicativo Meu SUS Digital \u00e9 o mais baixado na categoria sa\u00fade entre aplicativos gratuitos, com mais de 50 milh\u00f5es de download e 4,5 milh\u00f5es de usu\u00e1rios ativos.<\/p>\n<h2>Telessa\u00fade<\/h2>\n<p>O Minist\u00e9rio da Sa\u00fade ainda anunciou hoje a implanta\u00e7\u00e3o do primeiro ponto de telessa\u00fade em um territ\u00f3rio quilombola, no Par\u00e1, que vai beneficiar a comunidade do Quilombo Boa Vista.<\/p>\n<p>Um ponto de telessa\u00fade tamb\u00e9m foi instalado no Complexo da Mar\u00e9, no Rio de Janeiro, com qualifica\u00e7\u00e3o de equipes e envio de equipamentos. A ideia \u00e9 que essa seja uma base para expandir a iniciativa em periferias urbanas e rurais de outras regi\u00f5es do pa\u00eds.<\/p>\n<div class=\"google-auto-placed ap_container\">\n<p>A telessa\u00fade \u00e9 uma das a\u00e7\u00f5es estruturantes do SUS Digital que permite ampliar o acesso \u00e0 diagn\u00f3sticos e consultas especializadas. Nos \u00faltimos dois anos, foram realizadas 4,6 milh\u00f5es a\u00e7\u00f5es de telessa\u00fade (teleatendimento e telediagn\u00f3stico).<\/p>\n<p>Segundo o Minist\u00e9rio da Sa\u00fade, o governo federal vai oferecer incentivo de R$ 464 milh\u00f5es para realizar a\u00e7\u00f5es de transforma\u00e7\u00e3o digital em todas as regi\u00f5es do Brasil.<\/p>\n<\/div>\n<p>&nbsp;<\/p>\n<p>*por: outro autor<\/p>\n","protected":false},"excerpt":{"rendered":"<p>O aplicativo Meu SUS Digital, do Minist\u00e9rio da Sa\u00fade, vai permitir que profissionais da sa\u00fade possam ter acesso ao prontu\u00e1rio<\/p>\n","protected":false},"author":3,"featured_media":8153,"comment_status":"open","ping_status":"open","sticky":false,"template":"","format":"standard","meta":{"footnotes":""},"categories":[1,4],"tags":[],"class_list":["post-8152","post","type-post","status-publish","format-standard","has-post-thumbnail","hentry","category-destaque","category-noticias"],"_links":{"self":[{"href":"https:\/\/folhadopirajucara.com.br\/index.php\/wp-json\/wp\/v2\/posts\/8152"}],"collection":[{"href":"https:\/\/folhadopirajucara.com.br\/index.php\/wp-json\/wp\/v2\/posts"}],"about":[{"href":"https:\/\/folhadopirajucara.com.br\/index.php\/wp-json\/wp\/v2\/types\/post"}],"author":[{"embeddable":true,"href":"https:\/\/folhadopirajucara.com.br\/index.php\/wp-json\/wp\/v2\/users\/3"}],"replies":[{"embeddable":true,"href":"https:\/\/folhadopirajucara.com.br\/index.php\/wp-json\/wp\/v2\/comments?post=8152"}],"version-history":[{"count":1,"href":"https:\/\/folhadopirajucara.com.br\/index.php\/wp-json\/wp\/v2\/posts\/8152\/revisions"}],"predecessor-version":[{"id":8154,"href":"https:\/\/folhadopirajucara.com.br\/index.php\/wp-json\/wp\/v2\/posts\/8152\/revisions\/8154"}],"wp:featuredmedia":[{"embeddable":true,"href":"https:\/\/folhadopirajucara.com.br\/index.php\/wp-json\/wp\/v2\/media\/8153"}],"wp:attachment":[{"href":"https:\/\/folhadopirajucara.com.br\/index.php\/wp-json\/wp\/v2\/media?parent=8152"}],"wp:term":[{"taxonomy":"category","embeddable":true,"href":"https:\/\/folhadopirajucara.com.br\/index.php\/wp-json\/wp\/v2\/categories?post=8152"},{"taxonomy":"post_tag","embeddable":true,"href":"https:\/\/folhadopirajucara.com.br\/index.php\/wp-json\/wp\/v2\/tags?post=8152"}],"curies":[{"name":"wp","href":"https:\/\/api.w.org\/{rel}","templated":true}]}}