{"id":8159,"date":"2024-07-24T11:22:43","date_gmt":"2024-07-24T14:22:43","guid":{"rendered":"http:\/\/folhadopirajucara.com.br\/?p=8159"},"modified":"2024-07-25T23:00:59","modified_gmt":"2024-07-26T02:00:59","slug":"inscricoes-para-o-prouni-comecam-nesta-terca-feira","status":"publish","type":"post","link":"https:\/\/folhadopirajucara.com.br\/index.php\/2024\/07\/24\/inscricoes-para-o-prouni-comecam-nesta-terca-feira\/","title":{"rendered":"Inscri\u00e7\u00f5es para o Prouni come\u00e7am nesta ter\u00e7a-feira"},"content":{"rendered":"<blockquote>\n<h2 class=\"col-10 offset-1 animated fadeInDown dealy-900 display-8 display-md-8 alt-font font-italic my-1 text-center\" style=\"text-align: center;\"><strong>S\u00e3o oferecidas 243.850 bolsas, diz MEC<\/strong><\/h2>\n<\/blockquote>\n<p>As inscri\u00e7\u00f5es para o processo seletivo do Programa Universidade para Todos (Prouni) do segundo semestre de 2024 come\u00e7am nesta ter\u00e7a-feira. Os interessados ter\u00e3o at\u00e9 sexta-feira (26) para participar do processo seletivo. Para isso, basta acessar o Portal \u00danico de Acesso ao Ensino Superior e concorrer a uma das 243.850 bolsas oferecidas nesta edi\u00e7\u00e3o.<img decoding=\"async\" src=\"https:\/\/agenciabrasil.ebc.com.br\/ebc.png?id=1604904&amp;o=node\" alt=\"\" \/><img decoding=\"async\" src=\"https:\/\/agenciabrasil.ebc.com.br\/ebc.gif?id=1604904&amp;o=node\" alt=\"\" \/><\/p>\n<p>As inscri\u00e7\u00f5es s\u00e3o gratuitas, e a previs\u00e3o \u00e9 que os resultados da 1\u00aa e 2\u00aa chamadas sejam anunciados nos dias 31 de julho e 20 de agosto, respectivamente. O prazo para manifesta\u00e7\u00e3o de interesse na lista de espera vai do dia 9 ao dia 10 de setembro; e o resultado da lista de espera sair\u00e1 em 13 de setembro.<\/p>\n<blockquote><p>\u201cPara participar do processo seletivo, \u00e9 necess\u00e1rio que o candidato tenha participado do Exame Nacional do Ensino M\u00e9dio (Enem) nas edi\u00e7\u00f5es de 2022 ou 2023, obtendo nota m\u00ednima de 450 pontos na m\u00e9dia das cinco provas e nota acima de zero na reda\u00e7\u00e3o\u201d, informa o Minist\u00e9rio da Educa\u00e7\u00e3o (MEC).<\/p><\/blockquote>\n<p>\u00c9 tamb\u00e9m necess\u00e1rio que o candidato se enquadre nos crit\u00e9rios socioecon\u00f4micos \u2013 incluindo renda familiar per capita que n\u00e3o exceda um sal\u00e1rio-m\u00ednimo e meio para bolsas integrais e tr\u00eas sal\u00e1rios-m\u00ednimos para bolsas parciais \u2013 e esteja cadastrado no login \u00danico do governo federal que pode ser feito no portal gov.br.<\/p>\n<p>\u201cNo momento da inscri\u00e7\u00e3o, \u00e9 preciso: informar endere\u00e7o de e-mail e n\u00famero de telefone v\u00e1lidos; preencher dados cadastrais pr\u00f3prios e referentes ao grupo familiar; e selecionar, por ordem de prefer\u00eancia, at\u00e9 duas op\u00e7\u00f5es de institui\u00e7\u00e3o, local de oferta, curso, turno, tipo de bolsa e modalidade de concorr\u00eancia dentre as dispon\u00edveis, conforme a renda familiar bruta mensal per capita do candidato e a adequa\u00e7\u00e3o aos crit\u00e9rios da Portaria Normativa MEC n\u00ba 1,?de 2015\u201d, explicou MEC.<\/p>\n<article class=\" \">Segundo o minist\u00e9rio, a escolha pelos cursos e institui\u00e7\u00f5es pode ser feita por ordem de prefer\u00eancia. Informa\u00e7\u00f5es mais detalhadas sobre oferta de bolsas (curso, turno, institui\u00e7\u00e3o e local de oferta) podem ser acessadas na p\u00e1gina do Prouni.<\/article>\n<p>*por: outro autor<\/p>\n","protected":false},"excerpt":{"rendered":"<p>S\u00e3o oferecidas 243.850 bolsas, diz MEC As inscri\u00e7\u00f5es para o processo seletivo do Programa Universidade para Todos (Prouni) do segundo<\/p>\n","protected":false},"author":3,"featured_media":8168,"comment_status":"open","ping_status":"open","sticky":false,"template":"","format":"standard","meta":{"footnotes":""},"categories":[1,4],"tags":[],"class_list":["post-8159","post","type-post","status-publish","format-standard","has-post-thumbnail","hentry","category-destaque","category-noticias"],"_links":{"self":[{"href":"https:\/\/folhadopirajucara.com.br\/index.php\/wp-json\/wp\/v2\/posts\/8159"}],"collection":[{"href":"https:\/\/folhadopirajucara.com.br\/index.php\/wp-json\/wp\/v2\/posts"}],"about":[{"href":"https:\/\/folhadopirajucara.com.br\/index.php\/wp-json\/wp\/v2\/types\/post"}],"author":[{"embeddable":true,"href":"https:\/\/folhadopirajucara.com.br\/index.php\/wp-json\/wp\/v2\/users\/3"}],"replies":[{"embeddable":true,"href":"https:\/\/folhadopirajucara.com.br\/index.php\/wp-json\/wp\/v2\/comments?post=8159"}],"version-history":[{"count":2,"href":"https:\/\/folhadopirajucara.com.br\/index.php\/wp-json\/wp\/v2\/posts\/8159\/revisions"}],"predecessor-version":[{"id":8169,"href":"https:\/\/folhadopirajucara.com.br\/index.php\/wp-json\/wp\/v2\/posts\/8159\/revisions\/8169"}],"wp:featuredmedia":[{"embeddable":true,"href":"https:\/\/folhadopirajucara.com.br\/index.php\/wp-json\/wp\/v2\/media\/8168"}],"wp:attachment":[{"href":"https:\/\/folhadopirajucara.com.br\/index.php\/wp-json\/wp\/v2\/media?parent=8159"}],"wp:term":[{"taxonomy":"category","embeddable":true,"href":"https:\/\/folhadopirajucara.com.br\/index.php\/wp-json\/wp\/v2\/categories?post=8159"},{"taxonomy":"post_tag","embeddable":true,"href":"https:\/\/folhadopirajucara.com.br\/index.php\/wp-json\/wp\/v2\/tags?post=8159"}],"curies":[{"name":"wp","href":"https:\/\/api.w.org\/{rel}","templated":true}]}}