{"id":816,"date":"2018-10-17T09:51:07","date_gmt":"2018-10-17T12:51:07","guid":{"rendered":"http:\/\/folhadopirajucara.com.br\/?p=816"},"modified":"2018-10-20T18:19:37","modified_gmt":"2018-10-20T21:19:37","slug":"eduardo-nobrega-e-cobrado-por-vereadores-apos-episodios-de-agressao-em-taboao","status":"publish","type":"post","link":"https:\/\/folhadopirajucara.com.br\/index.php\/2018\/10\/17\/eduardo-nobrega-e-cobrado-por-vereadores-apos-episodios-de-agressao-em-taboao\/","title":{"rendered":"Eduardo N\u00f3brega \u00e9 cobrado por vereadores ap\u00f3s epis\u00f3dios de agress\u00e3o em Tabo\u00e3o"},"content":{"rendered":"<figure id=\"attachment_817\" aria-describedby=\"caption-attachment-817\" style=\"width: 207px\" class=\"wp-caption alignleft\"><img loading=\"lazy\" decoding=\"async\" class=\" wp-image-817\" src=\"https:\/\/folhadopirajucara.com.br\/wp-content\/uploads\/2018\/10\/Nobrega-300x215.jpg\" alt=\"\" width=\"207\" height=\"148\" srcset=\"https:\/\/folhadopirajucara.com.br\/wp-content\/uploads\/2018\/10\/Nobrega-300x215.jpg 300w, https:\/\/folhadopirajucara.com.br\/wp-content\/uploads\/2018\/10\/Nobrega.jpg 700w\" sizes=\"(max-width: 207px) 100vw, 207px\" \/><figcaption id=\"caption-attachment-817\" class=\"wp-caption-text\"><strong>Divulga\u00e7\u00e3o &#8211; Site da C\u00e2mara de Tabo\u00e3o &#8211; por Jornal na Net<\/strong><\/figcaption><\/figure>\n<p>O desdobramento das a\u00e7\u00f5es protagonizadas pelo vereador Eduardo N\u00f3brega mancharam a sess\u00e3o desta ter\u00e7a-feira, 16\/10, da C\u00e2mara Municipal de Tabo\u00e3o da Serra, transformando o parlamento num verdadeiro campo de batalha. A agressividade do vereador e do seu grupo pol\u00edtico, at\u00e9 mesmo de familiares foi debatida, criticada e lamentada publicamente por v\u00e1rios vereadores. Houve at\u00e9 um pedido de sess\u00e3o secreta para discutir a conduta. At\u00e9 um m\u00eas antes da elei\u00e7\u00e3o, o vereador Eduardo N\u00f3brega era o que mais tinha espa\u00e7o no governo municipal. Sem contar o fato da prefeitura bancar o funcionamento do time dirigido pelo irm\u00e3o dele, Anderson N\u00f3brega, secret\u00e1rio de Esportes de Embu. Em sua defesa, N\u00f3brega alegou ter cometido equ\u00edvocos, disse ter refletido sobre sua conduta e chegou a sinalizar mudan\u00e7a de comportamento.<\/p>\n<p>\u201cQuero me direcionar exclusivamente ao vereador Eduardo N\u00f3brega. Vereador, vossa excel\u00eancia \u00e9 respons\u00e1vel por aqueles que lidera. O senhor errou, erra e continua errando nos seus posicionamentos, quando extrapola todos os limites da democracia. Quando com frequ\u00eancia faz uso desses expedientes. Infelizmente, o senhor \u00e9 um desagregador, a sua conduta pol\u00edtica \u00e9 at\u00e9 desleal. Est\u00e1 em um projeto suicida&#8230;\u201d, disparou em tribuna o vereador Ronaldo Onishi, um dos que cobrou N\u00f3brega.<\/p>\n<p>A classe pol\u00edtica de Tabo\u00e3o da Serra sabe: desde que o vereador Eduardo N\u00f3brega deixou a base governista, ele come\u00e7ou uma verdadeira cruzada, sob o pretexto de querer melhorias para a cidade. De forma previs\u00edvel, usando o mais cl\u00e1ssico e desgastado expediente da pol\u00edtica, Eduardo N\u00f3brega anda \u00e0s voltas com um pedido CPI contra o governo. Fez igual, antes da elei\u00e7\u00e3o municipal de 2016, quando conseguiu a abertura de uma CPI contra a cooperativa dirigida pelo agora deputado estadual Jos\u00e9 Apr\u00edgio.<\/p>\n<p>Quem acompanha as sess\u00f5es da C\u00e2mara de Tabo\u00e3o j\u00e1 notou h\u00e1 pelo menos quatro semanas, que o vereador Eduardo N\u00f3brega d\u00e1 sinais de que se perdeu politicamente. Ainda que n\u00e3o tenha consci\u00eancia, ele inaugurou um expediente que modificou os trabalhos do legislativo, ao uniformizar e levar at\u00e9 a Casa de Leis uma plateia de \u201cdefensoras\u201d. Na sess\u00e3o seguinte, o governo reagiu e tamb\u00e9m montou seu time de defesa. As sess\u00f5es seguintes aconteceram dentro desse ambiente de hostilidade. Na semana passada, o plen\u00e1rio precisou ser esvaziado ap\u00f3s um tumultuo que poderia ter acabado em vias de fato.<\/p>\n<p>O vereador Marcos Paulo, o Paulinho, sugeriu de tribuna que o vereador Eduardo N\u00f3brega fa\u00e7a uma reflex\u00e3o junto com a sua fam\u00edlia. Paulinho lembrou que a sua fam\u00edlia tamb\u00e9m foi atacada por causa das a\u00e7\u00f5es iniciadas por Eduardo N\u00f3brega. Lembrou que na ocasi\u00e3o reclamou do fato de tribuna, afirmou que n\u00e3o aceitou e nem aceitar\u00e1 essa conduta e desejou o fim da \u201clavagem de roupa suja\u201d.<\/p>\n<p>\u201cCabe uma reflex\u00e3o com a sua fam\u00edlia vereador Eduardo N\u00f3brega. Que vossa excel\u00eancia possa refletir e mudar definitivamente a sua conduta&#8230; Est\u00e1 sendo muito claro aqui, o problema n\u00e3o \u00e9 com o B.I (Bloco Independente), n\u00e3o \u00e9 com a oposi\u00e7\u00e3o, \u00e9 com vossa excel\u00eancia, vereador Eduardo N\u00f3brega. Ningu\u00e9m est\u00e1 reclamando da conduta da a vereadora \u00c9rica Franquini, vereador Carlinhos do Leme, do vereador Andr\u00e9, do vereador Alex Bodinho. Estamos aqui reclamando da conduta pol\u00edtica de vossa excel\u00eancia. Vossa excel\u00eancia \u00e9 respons\u00e1vel pelos seus liderados. Tabo\u00e3o da Serra n\u00e3o \u00e9 um campo de batalha\u201d, observou Marcos Paulo.<\/p>\n<p>Numa tentativa fr\u00e1gil de mea-culpa, Eduardo N\u00f3brega avaliou que pode ter cometido erro. Logo depois, tentou diminuir os atos de que foi cobrado, em seguida negou responsabilidade sobre os epis\u00f3dios de ataques reclamados na sess\u00e3o. Ele disse ser um vereador como qualquer outro, com acertos e erros.<\/p>\n<p>\u201cEu entendo as coisas. Fui chamado a aten\u00e7\u00e3o da forma em que cobro as coisas. Disse as vossas excel\u00eancias que n\u00e3o veriam isso novamente. Que isso n\u00e3o vire um conceito formado. Naquilo que me equivoquei assumo os erros e as consequ\u00eancias&#8230; Se houve membros da minha fam\u00edlia ofendendo pessoas ai eles tem que responder. Cada um \u00e9 respons\u00e1vel por si\u201d, completou.<\/p>\n<p>A sess\u00e3o caminhava para o encerramento quando o secret\u00e1rio de Esportes de Embu, Anderson N\u00f3brega e o pai dele chegaram \u00e0 C\u00e2mara de Tabo\u00e3o. Houve nova confus\u00e3o, tumultuo e por muito pouco n\u00e3o aconteceu um novo epis\u00f3dio de agress\u00e3o f\u00edsica nos corredores da C\u00e2mara. O irm\u00e3o do vereador foi segurado por dois homens, quando \u201cfoi para cima da vereadora Joice Silva, presidente da C\u00e2mara de Tabo\u00e3o\u201d.<\/p>\n<p>No meio pol\u00edtico, todo mundo sabe que o &#8220;nervosismo&#8221; dos N\u00f3bregas est\u00e1 diretamente relacionado a perda da Secretaria de Planejamento e dos generosos espa\u00e7os pol\u00edticos na administra\u00e7\u00e3o.<\/p>\n","protected":false},"excerpt":{"rendered":"<p>O desdobramento das a\u00e7\u00f5es protagonizadas pelo vereador Eduardo N\u00f3brega mancharam a sess\u00e3o desta ter\u00e7a-feira, 16\/10, da C\u00e2mara Municipal de Tabo\u00e3o<\/p>\n","protected":false},"author":3,"featured_media":817,"comment_status":"open","ping_status":"open","sticky":false,"template":"","format":"standard","meta":{"footnotes":""},"categories":[1,10],"tags":[],"class_list":["post-816","post","type-post","status-publish","format-standard","has-post-thumbnail","hentry","category-destaque","category-taboao-da-serra"],"_links":{"self":[{"href":"https:\/\/folhadopirajucara.com.br\/index.php\/wp-json\/wp\/v2\/posts\/816"}],"collection":[{"href":"https:\/\/folhadopirajucara.com.br\/index.php\/wp-json\/wp\/v2\/posts"}],"about":[{"href":"https:\/\/folhadopirajucara.com.br\/index.php\/wp-json\/wp\/v2\/types\/post"}],"author":[{"embeddable":true,"href":"https:\/\/folhadopirajucara.com.br\/index.php\/wp-json\/wp\/v2\/users\/3"}],"replies":[{"embeddable":true,"href":"https:\/\/folhadopirajucara.com.br\/index.php\/wp-json\/wp\/v2\/comments?post=816"}],"version-history":[{"count":0,"href":"https:\/\/folhadopirajucara.com.br\/index.php\/wp-json\/wp\/v2\/posts\/816\/revisions"}],"wp:featuredmedia":[{"embeddable":true,"href":"https:\/\/folhadopirajucara.com.br\/index.php\/wp-json\/wp\/v2\/media\/817"}],"wp:attachment":[{"href":"https:\/\/folhadopirajucara.com.br\/index.php\/wp-json\/wp\/v2\/media?parent=816"}],"wp:term":[{"taxonomy":"category","embeddable":true,"href":"https:\/\/folhadopirajucara.com.br\/index.php\/wp-json\/wp\/v2\/categories?post=816"},{"taxonomy":"post_tag","embeddable":true,"href":"https:\/\/folhadopirajucara.com.br\/index.php\/wp-json\/wp\/v2\/tags?post=816"}],"curies":[{"name":"wp","href":"https:\/\/api.w.org\/{rel}","templated":true}]}}