{"id":8213,"date":"2024-07-31T23:47:27","date_gmt":"2024-08-01T02:47:27","guid":{"rendered":"http:\/\/folhadopirajucara.com.br\/?p=8213"},"modified":"2024-08-16T14:17:56","modified_gmt":"2024-08-16T17:17:56","slug":"embu-das-artes-tem-949-mais-eleitores-aptos-a-votar-em-2024-em-relacao-a-2020","status":"publish","type":"post","link":"https:\/\/folhadopirajucara.com.br\/index.php\/2024\/07\/31\/embu-das-artes-tem-949-mais-eleitores-aptos-a-votar-em-2024-em-relacao-a-2020\/","title":{"rendered":"Embu das Artes tem 9,49% mais eleitores aptos a votar em 2024 em rela\u00e7\u00e3o a 2020"},"content":{"rendered":"<p>O eleitorado embuense apto a votar neste ano aumentou 9,49% em rela\u00e7\u00e3o a 2020, ano das \u00faltimas elei\u00e7\u00f5es municipais. No total, 207.256 eleitores podem ir \u00e0s urnas em outubro em Embu das Artes.<\/p>\n<p>Do total de eleitores, 188.159 (90,79%) realizaram o cadastro biom\u00e9trico e 19.097 (9,21%) n\u00e3o fizeram a biometria. Como a Justi\u00e7a Eleitoral n\u00e3o vai mais exigir a biometria para as elei\u00e7\u00f5es deste ano, todos poder\u00e3o votar.\u00a0<a href=\"https:\/\/www.otaboanense.com.br\/raio-x-embu-das-artes-tem-207-256-eleitores-aptos-para-votar-em-6-de-outubro\/\">Veja o Raio-X do eleitorado Embuense<\/a>.<\/p>\n<p>Na elei\u00e7\u00e3o de 2020, cerca de 21,06% dos eleitores de Embu das Artes n\u00e3o compareceram \u00e0s urnas, votaram na cidade 149.421 no primeiro turno. Desses, 14,72% votaram em branco ou anularam o voto. O n\u00famero de votos v\u00e1lidos na elei\u00e7\u00e3o passada foi de 127.436.<\/p>\n<p>O n\u00famero de votos v\u00e1lidos \u00e9 importante para determinar o quociente eleitoral para a elei\u00e7\u00e3o proporcional (de vereadores) al\u00e9m de ser usado para definir se a cidade ter\u00e1 segundo turno ou n\u00e3o. Se um candidato alcan\u00e7ar uma vota\u00e7\u00e3o superior a 50% ser\u00e1 eleito no primeiro turno.<\/p>\n<p>Nesta elei\u00e7\u00e3o, Embu das Artes ter\u00e1 tr\u00eas candidaturas concorrendo ao cargo de prefeito, Ros\u00e2ngela Santos (PT) j\u00e1 tive seu nome oficializado. Neste s\u00e1bado, dia 3, as conven\u00e7\u00f5es devem homologar os nomes de Pullman Mar\u00e7al (PRD) ou Cavalcante (PRD)\u00a0 e Hugo Prado (Republicanos).<\/p>\n<p><strong>Por que segundo turno?<\/strong><\/p>\n<p>Para se eleger no 1\u00ba turno da elei\u00e7\u00e3o, a candidatura para prefeito em munic\u00edpio com mais de 200 mil eleitores deve angariar a maioria absoluta dos votos. Isso significa que uma \u00fanica candidata ou um \u00fanico candidato precisa obter metade mais um dos votos v\u00e1lidos \u2013 que s\u00e3o aqueles dados exclusivamente aos concorrentes. Para esse c\u00e1lculo, n\u00e3o s\u00e3o computados os votos nulos e em branco.<\/p>\n<p>Caso isso n\u00e3o ocorra, as duas candidaturas mais votadas no 1\u00ba turno seguem para o 2\u00ba. O eleitorado, ent\u00e3o, dever\u00e1 voltar \u00e0s urnas no dia 27 de outubro para escolher entre esses dois nomes.<\/p>\n<p>Na segunda fase da vota\u00e7\u00e3o, \u00e9 considerada eleita a pessoa que obtiver mais votos v\u00e1lidos. A regra est\u00e1 prevista na Constitui\u00e7\u00e3o Federal (artigos 29 e 77) e na Resolu\u00e7\u00e3o TSE n\u00ba 23.677\/2021 (artigo 6\u00ba), que trata dos sistemas majorit\u00e1rio e proporcional.<\/p>\n<p>A norma explica que, nas elei\u00e7\u00f5es para as prefeituras de munic\u00edpios com menos de 200 mil eleitoras e eleitores, basta a maioria simples: quem tiver mais votos v\u00e1lidos se elege, n\u00e3o havendo a possibilidade de 2\u00ba turno nessas localidades.<\/p>\n<p>&nbsp;<\/p>\n<p>*fonte: Portal O Taboanense<\/p>\n","protected":false},"excerpt":{"rendered":"<p>O eleitorado embuense apto a votar neste ano aumentou 9,49% em rela\u00e7\u00e3o a 2020, ano das \u00faltimas elei\u00e7\u00f5es municipais. No<\/p>\n","protected":false},"author":3,"featured_media":3221,"comment_status":"open","ping_status":"open","sticky":false,"template":"","format":"standard","meta":{"footnotes":""},"categories":[1,80,15,4],"tags":[],"class_list":["post-8213","post","type-post","status-publish","format-standard","has-post-thumbnail","hentry","category-destaque","category-eleicoes-2024","category-embu-das-artes","category-noticias"],"_links":{"self":[{"href":"https:\/\/folhadopirajucara.com.br\/index.php\/wp-json\/wp\/v2\/posts\/8213"}],"collection":[{"href":"https:\/\/folhadopirajucara.com.br\/index.php\/wp-json\/wp\/v2\/posts"}],"about":[{"href":"https:\/\/folhadopirajucara.com.br\/index.php\/wp-json\/wp\/v2\/types\/post"}],"author":[{"embeddable":true,"href":"https:\/\/folhadopirajucara.com.br\/index.php\/wp-json\/wp\/v2\/users\/3"}],"replies":[{"embeddable":true,"href":"https:\/\/folhadopirajucara.com.br\/index.php\/wp-json\/wp\/v2\/comments?post=8213"}],"version-history":[{"count":1,"href":"https:\/\/folhadopirajucara.com.br\/index.php\/wp-json\/wp\/v2\/posts\/8213\/revisions"}],"predecessor-version":[{"id":8214,"href":"https:\/\/folhadopirajucara.com.br\/index.php\/wp-json\/wp\/v2\/posts\/8213\/revisions\/8214"}],"wp:featuredmedia":[{"embeddable":true,"href":"https:\/\/folhadopirajucara.com.br\/index.php\/wp-json\/wp\/v2\/media\/3221"}],"wp:attachment":[{"href":"https:\/\/folhadopirajucara.com.br\/index.php\/wp-json\/wp\/v2\/media?parent=8213"}],"wp:term":[{"taxonomy":"category","embeddable":true,"href":"https:\/\/folhadopirajucara.com.br\/index.php\/wp-json\/wp\/v2\/categories?post=8213"},{"taxonomy":"post_tag","embeddable":true,"href":"https:\/\/folhadopirajucara.com.br\/index.php\/wp-json\/wp\/v2\/tags?post=8213"}],"curies":[{"name":"wp","href":"https:\/\/api.w.org\/{rel}","templated":true}]}}