{"id":8222,"date":"2024-08-06T19:26:47","date_gmt":"2024-08-06T22:26:47","guid":{"rendered":"http:\/\/folhadopirajucara.com.br\/?p=8222"},"modified":"2024-08-16T10:43:58","modified_gmt":"2024-08-16T13:43:58","slug":"psdb-oficializa-fernando-fernandes-e-ronaldo-dias-candidatos-a-prefeito-e-vice-de-taboao-da-serra","status":"publish","type":"post","link":"https:\/\/folhadopirajucara.com.br\/index.php\/2024\/08\/06\/psdb-oficializa-fernando-fernandes-e-ronaldo-dias-candidatos-a-prefeito-e-vice-de-taboao-da-serra\/","title":{"rendered":"PSDB oficializa Fernando Fernandes e Ronaldo Dias candidatos a prefeito e vice de Tabo\u00e3o da Serra"},"content":{"rendered":"<blockquote>\n<h2 class=\"news-secondary\" style=\"text-align: center;\"><em><strong>Conven\u00e7\u00e3o aconteceu neste domingo, dia 4, no no Espa\u00e7o Beer, no Intercap. O nome escolhido para compor a chapa como vice-prefeito foi o de Ronaldo Dias<\/strong><\/em><\/h2>\n<\/blockquote>\n<p>&nbsp;<\/p>\n<p>Fernando Fernandes foi oficializado como candidato \u00e0 Prefeitura de Tabo\u00e3o da Serra na disputa das elei\u00e7\u00f5es em 2024, pelo partido PSDB, durante uma conven\u00e7\u00e3o realizada na manh\u00e3 deste domingo, dia 4. O nome escolhido para compor a chapa como vice-prefeito foi o de Ronaldo Dias (DC). O evento aconteceu no Espa\u00e7o Beer, no Intercap.<\/p>\n<p>Cinco partidos que integram a coliga\u00e7\u00e3o, al\u00e9m da federa\u00e7\u00e3o PSDB \u2013 Cidadania, fazem parte tamb\u00e9m o Democracia Crist\u00e3 (DC), PRD, PMB e Mobiliza. Durante a conven\u00e7\u00e3o tamb\u00e9m foram oficializadas 70 candidaturas aos cargos de vereadores em Tabo\u00e3o da Serra.<\/p>\n<p>O prefeito de Vargem Grande Paulista Josu\u00e9 Ramos, a deputada Analice Fernandes, candidatos a uma vaga no legislativo taboanense pela coliga\u00e7\u00e3o, al\u00e9m de legisladores de cidades vizinhas estiveram no evento.<\/p>\n<p>O candidato Fernando Fernandes agradeceu e enalteceu seu grupo pol\u00edtico. \u201cOlha o que voc\u00eas conseguiram fazer, isso \u00e9 obra da credibilidade de voc\u00eas. Porque aqui n\u00f3s n\u00e3o temos nenhum vereador eleito. Isso foi decis\u00e3o nossa. Porque esses vereadores hoje criticam o governo, parte deles que deixaram o governo, mas estiveram ao lado do governo tr\u00eas anos e meio. Batendo palma para o prefeito [Apr\u00edgio], aplaudindo as coisas erradas que aconteciam na cidade. Esses n\u00e3o, esses foram cr\u00edticos. Esses tem legitimidade\u2026 voc\u00eas merecem ganhar a elei\u00e7\u00e3o\u201d.<\/p>\n<p>Fernandes fez cr\u00edticas aos seus advers\u00e1rios. \u201cSemana passada aqui nesse mesmo palco veio um pr\u00e9-candidato a prefeito e disse que Tabo\u00e3o precisa voltar a ter uma sa\u00fade boa, uma educa\u00e7\u00e3o boa, uma seguran\u00e7a boa\u2026 Voltar significa relembrar aquilo que j\u00e1 teve de bom. E aquilo que j\u00e1 teve de bom foi no nosso governo. Se realmente ele tem consci\u00eancia do que ele falou, deveria estar aqui hoje nos apoiando, hoje do nosso lado para a gente trazer de volta a sa\u00fade boa\u201d.<\/p>\n<p>\u201cA sa\u00fade hoje \u00e9 um caos, \u00e9 o que eu ou\u00e7o\u2026 n\u00f3s vamos ter que reconstruir essa sa\u00fade. Temos que retomar as obras da sa\u00fade\u2026 fazer no m\u00ednimo mais quatro UBSs na cidade\u2026 e para darmos um passo decisivo na nossa sa\u00fade, temos que construir o nosso hospital municipal\u2026 se tem algu\u00e9m nessa cidade que pode se comprometer com isso, sou eu\u201d, frisou Fernandes.<\/p>\n<p>O candidato fez cr\u00edticas ao atual governo. \u201cQuantas UBSs foram constru\u00eddas em Tabo\u00e3o nos \u00faltimos quatro anos? \u2013 Nenhuma UBS! Quantas escolas foram constru\u00eddas em Tabo\u00e3o da Serra no \u00faltimo mandato ? \u2013 Nenhuma! Nenhuma escola, n\u00f3s vamos voltar a construir escolas, e principalmente, um programa que a Analice tem me cobrado diuturnamente, n\u00f3s vamos construir uma creche noturna. Para as mulheres que trabalham de noite!\u201d.<\/p>\n<p>Fernando Fernandes disse que ir\u00e1 rever o processo que determinou a municipaliza\u00e7\u00e3o d rodovia R\u00e9gis Bittencourt (BR 116) e que, havendo possibilidade, ir\u00e1 devolver a via ao governo federal. \u201cOlha, a gente vai estudar isso, porque eu n\u00e3o quero ficar fazendo promessas sem ter consci\u00eancia de qual \u00e9 o fato, qual \u00e9 o contexto jur\u00eddico\u2026 o arcabou\u00e7o jur\u00eddico que regeu toda essa municipaliza\u00e7\u00e3o. Agora, havendo possibilidade, e eu creio que h\u00e1, a gente vai intervir, porque n\u00e3o foi uma coisa boa pra cidade. N\u00e3o foi\u201d.<\/p>\n<p>Tabo\u00e3o da Serra tem cinco candidaturas oficializadas: Engenheiro Daniel (Uni\u00e3o Brasil), Professora Nil F\u00e9lix (Psol), Marcos Costa (Novo), o atual prefeito, Apr\u00edgio (Podemos) e o ex-prefeito Fernando Fernandes (PSDB).<\/p>\n<div class=\"news-photo\"><\/div>\n<div>*fonte: O Taboanense<\/div>\n","protected":false},"excerpt":{"rendered":"<p>Conven\u00e7\u00e3o aconteceu neste domingo, dia 4, no no Espa\u00e7o Beer, no Intercap. O nome escolhido para compor a chapa como<\/p>\n","protected":false},"author":3,"featured_media":8223,"comment_status":"open","ping_status":"open","sticky":false,"template":"","format":"standard","meta":{"footnotes":""},"categories":[1,80,4,10],"tags":[],"class_list":["post-8222","post","type-post","status-publish","format-standard","has-post-thumbnail","hentry","category-destaque","category-eleicoes-2024","category-noticias","category-taboao-da-serra"],"_links":{"self":[{"href":"https:\/\/folhadopirajucara.com.br\/index.php\/wp-json\/wp\/v2\/posts\/8222"}],"collection":[{"href":"https:\/\/folhadopirajucara.com.br\/index.php\/wp-json\/wp\/v2\/posts"}],"about":[{"href":"https:\/\/folhadopirajucara.com.br\/index.php\/wp-json\/wp\/v2\/types\/post"}],"author":[{"embeddable":true,"href":"https:\/\/folhadopirajucara.com.br\/index.php\/wp-json\/wp\/v2\/users\/3"}],"replies":[{"embeddable":true,"href":"https:\/\/folhadopirajucara.com.br\/index.php\/wp-json\/wp\/v2\/comments?post=8222"}],"version-history":[{"count":1,"href":"https:\/\/folhadopirajucara.com.br\/index.php\/wp-json\/wp\/v2\/posts\/8222\/revisions"}],"predecessor-version":[{"id":8224,"href":"https:\/\/folhadopirajucara.com.br\/index.php\/wp-json\/wp\/v2\/posts\/8222\/revisions\/8224"}],"wp:featuredmedia":[{"embeddable":true,"href":"https:\/\/folhadopirajucara.com.br\/index.php\/wp-json\/wp\/v2\/media\/8223"}],"wp:attachment":[{"href":"https:\/\/folhadopirajucara.com.br\/index.php\/wp-json\/wp\/v2\/media?parent=8222"}],"wp:term":[{"taxonomy":"category","embeddable":true,"href":"https:\/\/folhadopirajucara.com.br\/index.php\/wp-json\/wp\/v2\/categories?post=8222"},{"taxonomy":"post_tag","embeddable":true,"href":"https:\/\/folhadopirajucara.com.br\/index.php\/wp-json\/wp\/v2\/tags?post=8222"}],"curies":[{"name":"wp","href":"https:\/\/api.w.org\/{rel}","templated":true}]}}