{"id":8240,"date":"2024-08-16T10:32:42","date_gmt":"2024-08-16T13:32:42","guid":{"rendered":"http:\/\/folhadopirajucara.com.br\/?p=8240"},"modified":"2024-08-16T10:42:42","modified_gmt":"2024-08-16T13:42:42","slug":"taboao-da-serra-tem-cinco-candidatos-a-prefeito-conheca-todos-os-concorrentes","status":"publish","type":"post","link":"https:\/\/folhadopirajucara.com.br\/index.php\/2024\/08\/16\/taboao-da-serra-tem-cinco-candidatos-a-prefeito-conheca-todos-os-concorrentes\/","title":{"rendered":"Tabo\u00e3o da Serra tem cinco candidatos a prefeito, conhe\u00e7a todos os concorrentes"},"content":{"rendered":"<p>A partir desta sexta-feira, dia 16\/08, voc\u00ea, eleitor, ser\u00e1 bombardeado nas redes sociais com propagandas de candidatos a prefeito e vereador em Tabo\u00e3o da Serra.\u00a0<strong><a href=\"https:\/\/www.otaboanense.com.br\/tag\/eleicoes-2024\/\" target=\"_blank\" rel=\"noopener\">Est\u00e1 aberta a corrida pela prefeitura e pelas 13 vagas na C\u00e2mara Municipal<\/a><\/strong>.<\/p>\n<p>O Portal O Taboanense ir\u00e1 acompanhar de perto a elei\u00e7\u00e3o que ir\u00e1 escolher o novo prefeito de Tabo\u00e3o da Serra e os 13 vereadores da nossa cidade. Vamos ouvir os cinco candidatos, suas propostas para as \u00e1reas mais importantes e os desafios e problemas que nosso munic\u00edpio ter\u00e1 pelos pr\u00f3ximos quatro anos.<\/p>\n<p>Durante a campanha, iremos realizar um podcast com os cinco candidatos, mantendo a isonomia na cobertura jornal\u00edstica, al\u00e9m de acompanhar os postulantes a prefeito de Tabo\u00e3o da Serra nas ruas e suas propostas diariamente.<\/p>\n<p>Tabo\u00e3o da Serra conta com um total de 212.349 eleitores aptos a votar nas elei\u00e7\u00f5es municipais no dia 6 de outubro de 2024. Desse total, 179.872 (84,71%) realizaram o cadastro biom\u00e9trico e 32.477 (15,29%) n\u00e3o fizeram a biometria. Como a Justi\u00e7a Eleitoral n\u00e3o vai mais exigir a biometria para as elei\u00e7\u00f5es deste ano, todos poder\u00e3o votar.<\/p>\n<p>A maioria do eleitorado \u00e9 composto por mulheres, 54%. Dos 212.349 eleitores, 114.546 s\u00e3o mulheres, 97.793 s\u00e3o homens e 10 n\u00e3o informaram. Cento e doze eleitores est\u00e3o aptos a votar com o nome social em Tabo\u00e3o da Serra. Tabo\u00e3o da Serra poder\u00e1 ter segundo turno, caso nenhum candidato alcance a maioria (50%+1) no primeiro turno.<\/p>\n<p>Os cinco candidatos que concorrem \u00e0 prefeitura de Tabo\u00e3o da Serra s\u00e3o:<\/p>\n<p><strong>Apr\u00edgio (Podemos):\u00a0<\/strong>Empres\u00e1rio, construtor e idealizador da Cooperativa Vida Nova, o atual prefeito busca sua reelei\u00e7\u00e3o.\u00a0<strong><a href=\"https:\/\/www.otaboanense.com.br\/tag\/aprigio\/\" target=\"_blank\" rel=\"noopener\">Apr\u00edgio<\/a><\/strong>\u00a0foi vereador por dois mandatos, deputado estadual e nos \u00faltimos anos implantou mudan\u00e7as significativas na cidade, como a municipaliza\u00e7\u00e3o da rodovia R\u00e9gis Bittencourt e a compra da antiga Niasi para ser a sede da prefeitura. Seu vice \u00e9 o deputado estadual Eduardo N\u00f3brega.<\/p>\n<p>&nbsp;<\/p>\n<p><strong>Fernando Fernandes (PSDB):\u00a0<\/strong>O pol\u00edtico mais experiente da cidade busca seu quinto mandato como prefeito,\u00a0<a href=\"https:\/\/www.otaboanense.com.br\/tag\/fernando-fernandes\/\" target=\"_blank\" rel=\"noopener\">Fernando Fernandes<\/a>\u00a0\u00e9 m\u00e9dico e governou Tabo\u00e3o da Serra entre 1997 e 2004 e 2013 e 2020, al\u00e9m de ter sido vice-prefeito na gest\u00e3o de Armando Andrade. Durante suas gest\u00f5es, a cidade recebeu a Fatec, Poupatempo, Arena Multiuso, entre outros equipamentos. Apoiado pela sua esposa, deputada estadual Analice Fernandes, escolheu o dentista e empres\u00e1rio Ronaldo Dias como seu vice.<\/p>\n<p>&nbsp;<\/p>\n<p><strong>Engenheiro Daniel (Uni\u00e3o Brasil):\u00a0<\/strong><strong><a href=\"https:\/\/www.otaboanense.com.br\/tag\/engenheiro-daniel\/\" target=\"_blank\" rel=\"noopener\">Engenheiro Daniel<\/a><\/strong>\u00a0Disputou a \u00faltima elei\u00e7\u00e3o municipal a prefeito com apoio, na \u00e9poca, do grupo de Fernando Fernandes, perdeu a elei\u00e7\u00e3o por 1.695 votos. Manteve boa parte do seu grupo pol\u00edtico, foi secret\u00e1rio de manuten\u00e7\u00e3o em Embu das Artes e hoje tem apoio de seis vereadores e do prefeito Ney Santos, da cidade vizinha. Sua vice \u00e9 a vereadora \u00c9rica Franquini, ele nunca ocupou um cargo eletivo.<\/p>\n<p>&nbsp;<\/p>\n<p><strong>Professor Nil F\u00e9lix (Psol):\u00a0<\/strong>Filha do ex-vereador Paulo F\u00e9lix,\u00a0<a href=\"https:\/\/www.otaboanense.com.br\/tag\/nil-felix\/\" target=\"_blank\" rel=\"noopener\">Nil F\u00e9lix<\/a>\u00a0\u00e9 professora da rede municipal e tem grande atua\u00e7\u00e3o no segmento da moradia popular. Ela foi secret\u00e1ria de cultura durante um ano no atual governo Apr\u00edgio. Sua candidatura \u00e9 de esquerda, como faz quest\u00e3o de frisar. Ela j\u00e1 foi candidata a vereadora na elei\u00e7\u00e3o passada, recebendo 2.209 votos. Sua vice \u00e9 a assistente social Dinha, oriunda do PT.<\/p>\n<p>&nbsp;<\/p>\n<p><strong>Marcos Costa (Novo):\u00a0<\/strong>O empres\u00e1rio\u00a0<strong><a href=\"https:\/\/www.otaboanense.com.br\/tag\/marcos-costa\/\" target=\"_blank\" rel=\"noopener\">Marcos Costa<\/a><\/strong>\u00a0tem uma longa carreira como comiss\u00e1rio de bordo, estudou Direito e Contabilidade. Fluente em ingl\u00eas ele atuou durante anos como preparador de novos comiss\u00e1rios. Foi diretor de cadastro imobili\u00e1rio nos dois primeiros anos da gest\u00e3o Evil\u00e1sio Farias (2005 e 2006). Seu vice, Jos\u00e9 Luiz Flores \u00e9 dono de um dos mais antigos escrit\u00f3rios contabilidades de Tabo\u00e3o da Serra. Essa \u00e9 a primeira vez que o Novo lan\u00e7a candidatura a prefeito na cidade.<\/p>\n<p>&nbsp;<\/p>\n<p>*fonte: O Taboanense \/\/ foto: Arquivo O Taboaonense<\/p>\n","protected":false},"excerpt":{"rendered":"<p>A partir desta sexta-feira, dia 16\/08, voc\u00ea, eleitor, ser\u00e1 bombardeado nas redes sociais com propagandas de candidatos a prefeito e<\/p>\n","protected":false},"author":3,"featured_media":8241,"comment_status":"open","ping_status":"open","sticky":false,"template":"","format":"standard","meta":{"footnotes":""},"categories":[1,80,4,10],"tags":[],"class_list":["post-8240","post","type-post","status-publish","format-standard","has-post-thumbnail","hentry","category-destaque","category-eleicoes-2024","category-noticias","category-taboao-da-serra"],"_links":{"self":[{"href":"https:\/\/folhadopirajucara.com.br\/index.php\/wp-json\/wp\/v2\/posts\/8240"}],"collection":[{"href":"https:\/\/folhadopirajucara.com.br\/index.php\/wp-json\/wp\/v2\/posts"}],"about":[{"href":"https:\/\/folhadopirajucara.com.br\/index.php\/wp-json\/wp\/v2\/types\/post"}],"author":[{"embeddable":true,"href":"https:\/\/folhadopirajucara.com.br\/index.php\/wp-json\/wp\/v2\/users\/3"}],"replies":[{"embeddable":true,"href":"https:\/\/folhadopirajucara.com.br\/index.php\/wp-json\/wp\/v2\/comments?post=8240"}],"version-history":[{"count":2,"href":"https:\/\/folhadopirajucara.com.br\/index.php\/wp-json\/wp\/v2\/posts\/8240\/revisions"}],"predecessor-version":[{"id":8243,"href":"https:\/\/folhadopirajucara.com.br\/index.php\/wp-json\/wp\/v2\/posts\/8240\/revisions\/8243"}],"wp:featuredmedia":[{"embeddable":true,"href":"https:\/\/folhadopirajucara.com.br\/index.php\/wp-json\/wp\/v2\/media\/8241"}],"wp:attachment":[{"href":"https:\/\/folhadopirajucara.com.br\/index.php\/wp-json\/wp\/v2\/media?parent=8240"}],"wp:term":[{"taxonomy":"category","embeddable":true,"href":"https:\/\/folhadopirajucara.com.br\/index.php\/wp-json\/wp\/v2\/categories?post=8240"},{"taxonomy":"post_tag","embeddable":true,"href":"https:\/\/folhadopirajucara.com.br\/index.php\/wp-json\/wp\/v2\/tags?post=8240"}],"curies":[{"name":"wp","href":"https:\/\/api.w.org\/{rel}","templated":true}]}}