{"id":8244,"date":"2024-08-15T10:35:10","date_gmt":"2024-08-15T13:35:10","guid":{"rendered":"http:\/\/folhadopirajucara.com.br\/?p=8244"},"modified":"2024-08-16T10:36:34","modified_gmt":"2024-08-16T13:36:34","slug":"senac-taboao-da-serra-lanca-curso-livre-de-libras-com-oportunidades-de-formacao-100-gratuita","status":"publish","type":"post","link":"https:\/\/folhadopirajucara.com.br\/index.php\/2024\/08\/15\/senac-taboao-da-serra-lanca-curso-livre-de-libras-com-oportunidades-de-formacao-100-gratuita\/","title":{"rendered":"Senac Tabo\u00e3o da Serra lan\u00e7a curso livre de Libras com oportunidades de forma\u00e7\u00e3o 100% gratuita"},"content":{"rendered":"<blockquote>\n<p class=\"news-secondary\" style=\"text-align: center;\"><strong>Com in\u00edcio em 14 de setembro, curso visa capacitar ouvintes para comunica\u00e7\u00e3o em Libras &#8211; L\u00edngua Brasileira de Sinais<\/strong><\/p>\n<\/blockquote>\n<p>&nbsp;<\/p>\n<p>O Senac Tabo\u00e3o da Serra est\u00e1 com inscri\u00e7\u00f5es abertas para o curso L\u00edngua Brasileira de Sinais \u2013 B\u00e1sico, in\u00e9dito na unidade. A capacita\u00e7\u00e3o, que ter\u00e1 oferta de 27 bolsas de estudos 100% gratuitas, por meio do Programa Senac de Gratuidade, come\u00e7a em 14 de setembro e prepara o estudante para iniciar e manter uma conversa em Libras, utilizando t\u00e9cnicas de descri\u00e7\u00e3o e de apresenta\u00e7\u00e3o, express\u00f5es faciais e corporais, alfabeto e datilologia.<\/p>\n<p>O curso \u00e9 indicado a interessados em conhecer o universo visual, os aspectos culturais e a identidade das pessoas surdas, al\u00e9m de aprimorar a comunica\u00e7\u00e3o com elas. Durante as aulas, os estudantes aprender\u00e3o, por exemplo, reconhecer aspectos culturais e identit\u00e1rios dessa comunidade. Tamb\u00e9m ter\u00e3o contato com o alfabeto manual, regras gramaticais para transcri\u00e7\u00e3o em Libras e a usar express\u00f5es faciais e corporais na comunica\u00e7\u00e3o. Al\u00e9m disso, ser\u00e3o abordados temas diversos, como leis de acessibilidade, tipos de surdez, profiss\u00f5es, espa\u00e7os p\u00fablicos, esportes, alimentos, al\u00e9m de t\u00e9cnicas b\u00e1sicas de tradu\u00e7\u00e3o do portugu\u00eas para Libras e vice-versa.<\/p>\n<p>A forma\u00e7\u00e3o ter\u00e1 carga hor\u00e1ria de 160 horas e emitir\u00e1 certificado. As aulas ocorrer\u00e3o aos s\u00e1bados, das 8h \u00e0s 12h. As inscri\u00e7\u00f5es para as bolsas de estudo come\u00e7am em 25 de agosto, a partir das 12 horas.<\/p>\n<p><strong>Confira as regras de inscri\u00e7\u00e3o para as vagas gratuitas e pr\u00e9-requisitos:<\/strong><\/p>\n<p>\u25cf O curso \u00e9 destinado para pessoas com idade a partir de 13 anos que conclu\u00edram o ensino fundamental;<\/p>\n<p>\u25cf Para concorrer \u00e0s bolsas, o candidato deve ter renda familiar mensal de at\u00e9 dois sal\u00e1rios m\u00ednimos federais por pessoa;<\/p>\n<p>\u25cf \u00c9 necess\u00e1rio preencher a inscri\u00e7\u00e3o mediante ordem de chegada, em uma fila de espera virtual, pelo site:\u00a0<a href=\"https:\/\/www.sp.senac.br\/programa-senac-de-gratuidade\">https:\/\/www.sp.senac.br\/programa-senac-de-gratuidade<\/a><\/p>\n<p><strong>Servi\u00e7o:<\/strong><\/p>\n<p>Senac Tabo\u00e3o da Serra<br \/>\nEndere\u00e7o: Rua Salvador Branco de Andrade, 182 \u2013 Jardim S\u00e3o Miguel \u2013 Tabo\u00e3o da Serra\/SP<br \/>\nSite:\u00a0<a href=\"https:\/\/www.sp.senac.br\/senac-taboao-da-serra\">https:\/\/www.sp.senac.br\/senac-taboao-da-serra<\/a><\/p>\n<div class=\"news-photo\"><\/div>\n<div>*foto: divulga\u00e7\u00e3o<\/div>\n","protected":false},"excerpt":{"rendered":"<p>Com in\u00edcio em 14 de setembro, curso visa capacitar ouvintes para comunica\u00e7\u00e3o em Libras &#8211; L\u00edngua Brasileira de Sinais &nbsp;<\/p>\n","protected":false},"author":3,"featured_media":8245,"comment_status":"open","ping_status":"open","sticky":false,"template":"","format":"standard","meta":{"footnotes":""},"categories":[1,4,10],"tags":[],"class_list":["post-8244","post","type-post","status-publish","format-standard","has-post-thumbnail","hentry","category-destaque","category-noticias","category-taboao-da-serra"],"_links":{"self":[{"href":"https:\/\/folhadopirajucara.com.br\/index.php\/wp-json\/wp\/v2\/posts\/8244"}],"collection":[{"href":"https:\/\/folhadopirajucara.com.br\/index.php\/wp-json\/wp\/v2\/posts"}],"about":[{"href":"https:\/\/folhadopirajucara.com.br\/index.php\/wp-json\/wp\/v2\/types\/post"}],"author":[{"embeddable":true,"href":"https:\/\/folhadopirajucara.com.br\/index.php\/wp-json\/wp\/v2\/users\/3"}],"replies":[{"embeddable":true,"href":"https:\/\/folhadopirajucara.com.br\/index.php\/wp-json\/wp\/v2\/comments?post=8244"}],"version-history":[{"count":1,"href":"https:\/\/folhadopirajucara.com.br\/index.php\/wp-json\/wp\/v2\/posts\/8244\/revisions"}],"predecessor-version":[{"id":8246,"href":"https:\/\/folhadopirajucara.com.br\/index.php\/wp-json\/wp\/v2\/posts\/8244\/revisions\/8246"}],"wp:featuredmedia":[{"embeddable":true,"href":"https:\/\/folhadopirajucara.com.br\/index.php\/wp-json\/wp\/v2\/media\/8245"}],"wp:attachment":[{"href":"https:\/\/folhadopirajucara.com.br\/index.php\/wp-json\/wp\/v2\/media?parent=8244"}],"wp:term":[{"taxonomy":"category","embeddable":true,"href":"https:\/\/folhadopirajucara.com.br\/index.php\/wp-json\/wp\/v2\/categories?post=8244"},{"taxonomy":"post_tag","embeddable":true,"href":"https:\/\/folhadopirajucara.com.br\/index.php\/wp-json\/wp\/v2\/tags?post=8244"}],"curies":[{"name":"wp","href":"https:\/\/api.w.org\/{rel}","templated":true}]}}