{"id":8268,"date":"2024-08-15T16:18:31","date_gmt":"2024-08-15T19:18:31","guid":{"rendered":"http:\/\/folhadopirajucara.com.br\/?p=8268"},"modified":"2024-08-18T16:20:36","modified_gmt":"2024-08-18T19:20:36","slug":"jones-donizette-e-absolvido-por-unanimidade-em-processo-devido-a-tragedia-na-multiteiner","status":"publish","type":"post","link":"https:\/\/folhadopirajucara.com.br\/index.php\/2024\/08\/15\/jones-donizette-e-absolvido-por-unanimidade-em-processo-devido-a-tragedia-na-multiteiner\/","title":{"rendered":"Jones Donizette \u00e9 absolvido por unanimidade em processo devido a trag\u00e9dia na Multiteiner"},"content":{"rendered":"<div dir=\"auto\">O Tribunal Regional Eleitoral absolveu por unanimidade de votos o candidato a prefeito, Jones Donizette das acusa\u00e7\u00f5es que envolvem o triste incidente na empresa Multiteiner, em 20 de setembro de 2022. O julgamento ocorreu na \u00faltima ter\u00e7a, 13\/08.<\/div>\n<div dir=\"auto\"><\/div>\n<div dir=\"auto\">\n<div><\/div>\n<div>\n<div dir=\"auto\">O desembargador Encinas Manfr\u00e9 sustentou \u201cn\u00e3o h\u00e1 demonstrativo s\u00f3lido de que<\/div>\n<div dir=\"auto\">houve abuso de poder econ\u00f4mico pelos representados. N\u00e3o se comprovou irregular finalidade eleitoral da reuni\u00e3o, ou seja, a efetiva utiliza\u00e7\u00e3o da estrutura da empresa para ato pol\u00edtico\u201d, frisa.<\/div>\n<div><\/div>\n<div>&#8220;\u00c9 com al\u00edvio que anunciamos a decis\u00e3o un\u00e2nime do julgamento de hoje (13\/8) no TRE-SP, que absolveu todas as acusa\u00e7\u00f5es injustas dirigidas a mim e \u00e0 Ely Santos sobre o caso Multiteiner. Desde o in\u00edcio, mantivemos nossa confian\u00e7a na justi\u00e7a e na verdade, acreditando que os fatos seriam devidamente reconhecidos\u201d, afirmou Jones.<\/div>\n<div dir=\"auto\"><\/div>\n<div dir=\"auto\">Relembre<\/div>\n<\/div>\n<\/div>\n<div dir=\"auto\">\n<div dir=\"auto\"><\/div>\n<div dir=\"auto\">Um desabamento dentro de uma empresa de cont\u00eainer deixou nove mortos e 31 feridos, na manh\u00e3 do dia 20 de setembro de 2022, no bairro do Potuver\u00e1 em Itapecerica da Serra. Segundo o Corpo de Bombeiro, 28 v\u00edtimas foram socorridas pelo Samu, GRAU ou pelo helic\u00f3ptero \u00c1guia, outras tr\u00eas n\u00e3o quiseram ir a unidade de sa\u00fade e foram atendidas no local.<\/div>\n<div dir=\"auto\"><\/div>\n<div dir=\"auto\">Jones Donizette e Ely Santos estavam em reuni\u00e3o na empresa com alguns funcion\u00e1rios e em determinado momento o mezanino do local desabou.<\/div>\n<\/div>\n<div dir=\"auto\">\nNota oficial do candidato<\/div>\n<div><\/div>\n<div dir=\"auto\">O candidato ressaltou em nota &#8220;lamentamos profundamente os eventos que nos trouxeram at\u00e9 este ponto e esperamos que as devidas responsabilidades sejam apuradas, para que os verdadeiros culpados respondam pelo ocorrido. Tanto eu quanto a Ely tamb\u00e9m fomos v\u00edtimas dessa situa\u00e7\u00e3o e, por isso, n\u00e3o desejamos mais comentar sobre este assunto que ainda \u00e9 muito doloroso para n\u00f3s\u201d, disse.<\/div>\n<div dir=\"auto\"><\/div>\n<div dir=\"auto\">Ainda em nota, Jones agradece o apoio e a solidariedade \u201cque recebemos de nossos amigos, familiares e da comunidade durante este per\u00edodo. Nosso foco agora \u00e9 seguir em frente, trabalhando pelo desenvolvimento de Itapecerica da Serra e pelo bem-estar de todos\u201d, finaliza.<\/div>\n<div dir=\"auto\"><\/div>\n<div dir=\"auto\">*por: Karen Santiago (Click Regional)<\/div>\n","protected":false},"excerpt":{"rendered":"<p>O Tribunal Regional Eleitoral absolveu por unanimidade de votos o candidato a prefeito, Jones Donizette das acusa\u00e7\u00f5es que envolvem o<\/p>\n","protected":false},"author":3,"featured_media":8269,"comment_status":"open","ping_status":"open","sticky":false,"template":"","format":"standard","meta":{"footnotes":""},"categories":[1,80,16,4],"tags":[],"class_list":["post-8268","post","type-post","status-publish","format-standard","has-post-thumbnail","hentry","category-destaque","category-eleicoes-2024","category-itapecerica-da-serra","category-noticias"],"_links":{"self":[{"href":"https:\/\/folhadopirajucara.com.br\/index.php\/wp-json\/wp\/v2\/posts\/8268"}],"collection":[{"href":"https:\/\/folhadopirajucara.com.br\/index.php\/wp-json\/wp\/v2\/posts"}],"about":[{"href":"https:\/\/folhadopirajucara.com.br\/index.php\/wp-json\/wp\/v2\/types\/post"}],"author":[{"embeddable":true,"href":"https:\/\/folhadopirajucara.com.br\/index.php\/wp-json\/wp\/v2\/users\/3"}],"replies":[{"embeddable":true,"href":"https:\/\/folhadopirajucara.com.br\/index.php\/wp-json\/wp\/v2\/comments?post=8268"}],"version-history":[{"count":1,"href":"https:\/\/folhadopirajucara.com.br\/index.php\/wp-json\/wp\/v2\/posts\/8268\/revisions"}],"predecessor-version":[{"id":8270,"href":"https:\/\/folhadopirajucara.com.br\/index.php\/wp-json\/wp\/v2\/posts\/8268\/revisions\/8270"}],"wp:featuredmedia":[{"embeddable":true,"href":"https:\/\/folhadopirajucara.com.br\/index.php\/wp-json\/wp\/v2\/media\/8269"}],"wp:attachment":[{"href":"https:\/\/folhadopirajucara.com.br\/index.php\/wp-json\/wp\/v2\/media?parent=8268"}],"wp:term":[{"taxonomy":"category","embeddable":true,"href":"https:\/\/folhadopirajucara.com.br\/index.php\/wp-json\/wp\/v2\/categories?post=8268"},{"taxonomy":"post_tag","embeddable":true,"href":"https:\/\/folhadopirajucara.com.br\/index.php\/wp-json\/wp\/v2\/tags?post=8268"}],"curies":[{"name":"wp","href":"https:\/\/api.w.org\/{rel}","templated":true}]}}