{"id":8278,"date":"2024-08-21T13:55:31","date_gmt":"2024-08-21T16:55:31","guid":{"rendered":"http:\/\/folhadopirajucara.com.br\/?p=8278"},"modified":"2024-08-26T08:19:26","modified_gmt":"2024-08-26T11:19:26","slug":"jones-donizette-inicia-campanha-a-prefeitura-em-itapecerica-da-serra","status":"publish","type":"post","link":"https:\/\/folhadopirajucara.com.br\/index.php\/2024\/08\/21\/jones-donizette-inicia-campanha-a-prefeitura-em-itapecerica-da-serra\/","title":{"rendered":"Jones Donizette inicia campanha \u00e0 prefeitura em Itapecerica da Serra"},"content":{"rendered":"<p style=\"font-weight: 400;\">Jones Donizette lan\u00e7ou sua campanha a prefeitura de Itapecerica da Serra em um grande evento no \u00faltimo dia 17\/08, s\u00e1bado.<\/p>\n<p style=\"font-weight: 400;\">O evento reuniu cerca de 10 mil pessoas em frente \u00e0 sede da prefeitura tornando-se um marco na cidade e mostrando grande participa\u00e7\u00e3o popular.<\/p>\n<p style=\"font-weight: 400;\">Jones Donizette, acompanhado por sua vice, Carol Para\u00edba, fez quest\u00e3o de interagir com a popula\u00e7\u00e3o presente, cumprimentando eleitores e ouvindo suas demandas em um corpo a corpo que durou boa parte do evento. O ponto alto do lan\u00e7amento foi o discurso de Donizette, realizado em um carro de som, onde ele declarou: \u201cChegou a nossa vez. Chegou a vez da comunidade ocupar os espa\u00e7os de poder, de fazer uma pol\u00edtica que come\u00e7a pela base.\u201d<\/p>\n<p style=\"font-weight: 400;\">Carol Para\u00edba, tamb\u00e9m em discurso, refor\u00e7ou o compromisso da chapa com a popula\u00e7\u00e3o, afirmando: \u201cVamos devolver para o povo o que foi tirado de voc\u00eas h\u00e1 mais de 40 anos.\u201d Suas palavras ecoaram entre os presentes e ela foi muito aplaudida.<\/p>\n<p style=\"font-weight: 400;\">O evento contou ainda com a presen\u00e7a do vereador de S\u00e3o Paulo, Isaac F\u00e9lix, que esteve no local para manifestar seu apoio a Jones Donizette e Carol Para\u00edba. F\u00e9lix destacou a import\u00e2ncia de renovar a pol\u00edtica local e a capacidade de Donizette em liderar esse processo.<\/p>\n<p>&nbsp;<\/p>\n<h6><strong>*fonte: Jornal na Net \/ *foto: Thiago Chacon<\/strong><\/h6>\n","protected":false},"excerpt":{"rendered":"<p>Jones Donizette lan\u00e7ou sua campanha a prefeitura de Itapecerica da Serra em um grande evento no \u00faltimo dia 17\/08, s\u00e1bado.<\/p>\n","protected":false},"author":3,"featured_media":8279,"comment_status":"open","ping_status":"open","sticky":false,"template":"","format":"standard","meta":{"footnotes":""},"categories":[1,80,16,4],"tags":[],"class_list":["post-8278","post","type-post","status-publish","format-standard","has-post-thumbnail","hentry","category-destaque","category-eleicoes-2024","category-itapecerica-da-serra","category-noticias"],"_links":{"self":[{"href":"https:\/\/folhadopirajucara.com.br\/index.php\/wp-json\/wp\/v2\/posts\/8278"}],"collection":[{"href":"https:\/\/folhadopirajucara.com.br\/index.php\/wp-json\/wp\/v2\/posts"}],"about":[{"href":"https:\/\/folhadopirajucara.com.br\/index.php\/wp-json\/wp\/v2\/types\/post"}],"author":[{"embeddable":true,"href":"https:\/\/folhadopirajucara.com.br\/index.php\/wp-json\/wp\/v2\/users\/3"}],"replies":[{"embeddable":true,"href":"https:\/\/folhadopirajucara.com.br\/index.php\/wp-json\/wp\/v2\/comments?post=8278"}],"version-history":[{"count":2,"href":"https:\/\/folhadopirajucara.com.br\/index.php\/wp-json\/wp\/v2\/posts\/8278\/revisions"}],"predecessor-version":[{"id":8290,"href":"https:\/\/folhadopirajucara.com.br\/index.php\/wp-json\/wp\/v2\/posts\/8278\/revisions\/8290"}],"wp:featuredmedia":[{"embeddable":true,"href":"https:\/\/folhadopirajucara.com.br\/index.php\/wp-json\/wp\/v2\/media\/8279"}],"wp:attachment":[{"href":"https:\/\/folhadopirajucara.com.br\/index.php\/wp-json\/wp\/v2\/media?parent=8278"}],"wp:term":[{"taxonomy":"category","embeddable":true,"href":"https:\/\/folhadopirajucara.com.br\/index.php\/wp-json\/wp\/v2\/categories?post=8278"},{"taxonomy":"post_tag","embeddable":true,"href":"https:\/\/folhadopirajucara.com.br\/index.php\/wp-json\/wp\/v2\/tags?post=8278"}],"curies":[{"name":"wp","href":"https:\/\/api.w.org\/{rel}","templated":true}]}}