{"id":8291,"date":"2024-08-26T08:29:02","date_gmt":"2024-08-26T11:29:02","guid":{"rendered":"http:\/\/folhadopirajucara.com.br\/?p=8291"},"modified":"2024-08-26T08:29:02","modified_gmt":"2024-08-26T11:29:02","slug":"aprigio-e-eduardo-nobrega-fazem-campanha-na-vila-indiana-e-falam-sobre-propostas-para-educacao-de-taboao-da-serra","status":"publish","type":"post","link":"https:\/\/folhadopirajucara.com.br\/index.php\/2024\/08\/26\/aprigio-e-eduardo-nobrega-fazem-campanha-na-vila-indiana-e-falam-sobre-propostas-para-educacao-de-taboao-da-serra\/","title":{"rendered":"Apr\u00edgio e Eduardo N\u00f3brega fazem campanha na Vila Indiana e falam sobre propostas para Educa\u00e7\u00e3o de Tabo\u00e3o da Serra"},"content":{"rendered":"<p>O candidato \u00e0 Prefeitura de Tabo\u00e3o da Serra, Apr\u00edgio e o vice Eduardo N\u00f3brega do Podemos, percorreram no s\u00e1bado, dia 24\/08, as ruas do bairro Vila Indiana. Eles apresentaram suas propostas para os eleitores taboanenses.<\/p>\n<p>Apr\u00edgio falou sobre a campanha e o carinho da popula\u00e7\u00e3o. \u201cVoc\u00ea percebe o carinho da popula\u00e7\u00e3o, a garra, for\u00e7a de vontade da popula\u00e7\u00e3o querendo mudan\u00e7a. E vamos mudar para melhor Tabo\u00e3o da Serra, dando continuidade em todos os trabalhos que j\u00e1 est\u00e3o a\u00ed e melhorar muito mais a cidade de Tabo\u00e3o da Serra\u2026 A expectativa para a campanha \u00e9 que, a cada dia vai melhorando mais, e que n\u00f3s vamos ganhar no 1\u00ba turno\u201d, falou o candidato.<\/p>\n<p>O candidato Apr\u00edgio e o vice Eduardo N\u00f3brega falaram sobre alguns projetos para a regi\u00e3o do Indiana. \u201cNessa regi\u00e3o n\u00f3s entregar agora, dia 21 de agosto, mais de 300 escrituras. N\u00f3s j\u00e1 fizemos aqui uma rua aqui para ligar o Jd. Comunit\u00e1rio. Fizemos uma quadra de areia. E temos v\u00e1rios projetos, o Parque do Japon\u00eas e a creche do Vov\u00f4. E uma das coisas interessantes aqui, \u00e9 a liga\u00e7\u00e3o da BR-116 com esse bairro que estava perdido. Para fazer o retorno tinha que andar 3 quil\u00f4metros para frente e ou para tr\u00e1s. E era muito dif\u00edcil para a gente ficar 30, 40 minutos na fila. Agora n\u00e3o, basta ficar 1 minuto no farol\u201d, destacou Apr\u00edgio.<\/p>\n<p>Eduardo N\u00f3brega tamb\u00e9m comentou sobre o corpo a corpo nas ruas de Tabo\u00e3o da Serra. \u201cEu tenho aproveitado esse per\u00edodo, porque o prefeito \u00e9 muito respons\u00e1vel e continua atendendo no per\u00edodo das 8h \u00e0s 17h e incorpora a caminhada a partir das 17h. Eu tenho sentido um carinho enorme da popula\u00e7\u00e3o. E \u00e9 bacana porque na aus\u00eancia do Apr\u00edgio, as pessoas ficam muito livres para falar comigo. E o Apr\u00edgio est\u00e1 aprovad\u00edssimo. Aquilo que a oposi\u00e7\u00e3o tentou colocar na nossa cabe\u00e7a, est\u00e1 caindo por terra. Se tudo continuar bem, com essa turma gigantesca, com o maior time pol\u00edtico de Tabo\u00e3o da Serra, n\u00f3s temos chance de levar no primeiro turno\u201d.<\/p>\n<p>N\u00f3brega ressaltou a parceria com Apr\u00edgio. \u201cEssa \u00e9 uma dupla poderosa. Os nossos concorrentes n\u00e3o conseguem ter uma chapa t\u00e3o forte quanto a nossa. Ent\u00e3o, estou muito feliz. O carinho do povo reconhecendo o grande governo que o Apr\u00edgio fez\u201d, comemorou.<\/p>\n<p style=\"text-align: center;\"><strong>Veja as propostas do candidato Apr\u00edgio para a Educa\u00e7\u00e3o<\/strong><\/p>\n<p>\u201cO prefeito fez uma gest\u00e3o muito t\u00e9cnica na educa\u00e7\u00e3o, a secret\u00e1ria Dirce trabalhou a quest\u00e3o da forma\u00e7\u00e3o dos profissionais da educa\u00e7\u00e3o, e agora o prefeito fez uma interven\u00e7\u00e3o buscando avan\u00e7ar. E \u00e9 assim que se faz no governo. Voc\u00ea comemora o que foi conquistado e pensa em avan\u00e7o\u201d, comentou Eduardo N\u00f3brega.<\/p>\n<p style=\"text-align: center;\"><strong>Creche Noturna<\/strong><\/p>\n<p>\u201cN\u00f3s temos uma proposta de construir a creche noturna aqui na regi\u00e3o\u201d<\/p>\n<p style=\"text-align: center;\"><strong>Uniforme e kit de material escolar<\/strong><\/p>\n<p>\u201cN\u00f3s estamos trabalhando muito para que o material escolar e o uniforme, que j\u00e1 melhorou tanto a qualidade no governo Apr\u00edgio, que no ano que vem, na primeira semana de aula, os alunos j\u00e1 recebam o uniforme e o kit escolar com uma mochila\u201d.<\/p>\n<p style=\"text-align: center;\"><strong>CEU<\/strong><\/p>\n<p>\u201cN\u00f3s pretendemos fazer [um CEU na Arena Multiuso]. N\u00f3s j\u00e1 estamos apresentando o projeto ao governo federal para que a gente fa\u00e7a um CEU em Tabo\u00e3o da Serra\u201d.<\/p>\n<p style=\"text-align: center;\"><strong>Valoriza\u00e7\u00e3o do profissional da educa\u00e7\u00e3o<\/strong><\/p>\n<p>\u201cO maior projeto que n\u00f3s temos para a Educa\u00e7\u00e3o \u00e9 a valoriza\u00e7\u00e3o dos professores, a valoriza\u00e7\u00e3o do funcionalismo. Porque se o funcion\u00e1rio n\u00e3o estiver bem remunerado, se ele estiver feliz no trabalho, ele vai cuidar muito bem da nossa popula\u00e7\u00e3o, das nossas crian\u00e7as\u2026. Faremos a valoriza\u00e7\u00e3o do quadro de apoio \u2013 ADI, ADI e auxiliar de classe\u201d.<\/p>\n<p>&nbsp;<\/p>\n<h6><strong>*fonte: O Taboanense \/ *foto: divulga\u00e7\u00e3o<\/strong><\/h6>\n","protected":false},"excerpt":{"rendered":"<p>O candidato \u00e0 Prefeitura de Tabo\u00e3o da Serra, Apr\u00edgio e o vice Eduardo N\u00f3brega do Podemos, percorreram no s\u00e1bado, dia<\/p>\n","protected":false},"author":3,"featured_media":8292,"comment_status":"open","ping_status":"open","sticky":false,"template":"","format":"standard","meta":{"footnotes":""},"categories":[1,80,4,10],"tags":[],"class_list":["post-8291","post","type-post","status-publish","format-standard","has-post-thumbnail","hentry","category-destaque","category-eleicoes-2024","category-noticias","category-taboao-da-serra"],"_links":{"self":[{"href":"https:\/\/folhadopirajucara.com.br\/index.php\/wp-json\/wp\/v2\/posts\/8291"}],"collection":[{"href":"https:\/\/folhadopirajucara.com.br\/index.php\/wp-json\/wp\/v2\/posts"}],"about":[{"href":"https:\/\/folhadopirajucara.com.br\/index.php\/wp-json\/wp\/v2\/types\/post"}],"author":[{"embeddable":true,"href":"https:\/\/folhadopirajucara.com.br\/index.php\/wp-json\/wp\/v2\/users\/3"}],"replies":[{"embeddable":true,"href":"https:\/\/folhadopirajucara.com.br\/index.php\/wp-json\/wp\/v2\/comments?post=8291"}],"version-history":[{"count":1,"href":"https:\/\/folhadopirajucara.com.br\/index.php\/wp-json\/wp\/v2\/posts\/8291\/revisions"}],"predecessor-version":[{"id":8293,"href":"https:\/\/folhadopirajucara.com.br\/index.php\/wp-json\/wp\/v2\/posts\/8291\/revisions\/8293"}],"wp:featuredmedia":[{"embeddable":true,"href":"https:\/\/folhadopirajucara.com.br\/index.php\/wp-json\/wp\/v2\/media\/8292"}],"wp:attachment":[{"href":"https:\/\/folhadopirajucara.com.br\/index.php\/wp-json\/wp\/v2\/media?parent=8291"}],"wp:term":[{"taxonomy":"category","embeddable":true,"href":"https:\/\/folhadopirajucara.com.br\/index.php\/wp-json\/wp\/v2\/categories?post=8291"},{"taxonomy":"post_tag","embeddable":true,"href":"https:\/\/folhadopirajucara.com.br\/index.php\/wp-json\/wp\/v2\/tags?post=8291"}],"curies":[{"name":"wp","href":"https:\/\/api.w.org\/{rel}","templated":true}]}}