{"id":8329,"date":"2024-09-03T13:36:16","date_gmt":"2024-09-03T16:36:16","guid":{"rendered":"https:\/\/folhadopirajucara.com.br\/?p=8329"},"modified":"2024-09-03T13:36:16","modified_gmt":"2024-09-03T16:36:16","slug":"matriculas-para-novos-alunos-da-rede-estadual-de-ensino-em-taboao-da-serra-e-regiao-encerram-dia-13-09","status":"publish","type":"post","link":"https:\/\/folhadopirajucara.com.br\/index.php\/2024\/09\/03\/matriculas-para-novos-alunos-da-rede-estadual-de-ensino-em-taboao-da-serra-e-regiao-encerram-dia-13-09\/","title":{"rendered":"Matr\u00edculas para novos alunos da rede estadual de ensino em Tabo\u00e3o da Serra e regi\u00e3o encerram dia 13\/09"},"content":{"rendered":"<blockquote>\n<h2 class=\"news-secondary\" style=\"text-align: center;\"><strong>Podem se matricular alunos de escolas particulares, de outros estados ou pa\u00edses e quem est\u00e1 fora da escola<\/strong><\/h2>\n<\/blockquote>\n<p>&nbsp;<\/p>\n<p>Estudantes da rede estadual de ensino de Tabo\u00e3o da Serra, Embu das Artes, Itapecerica da Serra, Embu-Gua\u00e7u, Juquitiba, S\u00e3o Louren\u00e7o da Serra, Cotia e Vargem Grande Paulista t\u00eam at\u00e9 dia 13 de setembro para novos alunos se matricularem para o ano letivo de 2025. Alunos de escolas particulares, de outros estados ou querem retornar \u00e0s salas de aula podem fazer o cadastro em uma das mais de 5 mil unidades da rede estadual ou nos postos do Poupatempo.<\/p>\n<p>A Secretaria da Educa\u00e7\u00e3o do Estado de S\u00e3o Paulo (Seduc-SP) informa que h\u00e1 vagas em classes dos anos iniciais (1\u00ba ao 5\u00ba ano) e anos finais (6\u00ba ao 9\u00ba ano) do Ensino Fundamental e do Ensino M\u00e9dio (1\u00aa \u00e0 3\u00aa s\u00e9rie) de per\u00edodo parcial e integral, al\u00e9m da modalidade da Educa\u00e7\u00e3o de Jovens e Adultos (EJA). Para estudantes do M\u00e9dio s\u00e3o tr\u00eas op\u00e7\u00f5es de itiner\u00e1rios formativos: Matem\u00e1tica e suas Tecnologias e Ci\u00eancias da Natureza e Suas Tecnologias; Linguagens e suas Tecnologias e Ci\u00eancias Humanas e Sociais Aplicadas e Ensino M\u00e9dio T\u00e9cnico.<\/p>\n<p>Para a matr\u00edcula presencial nas escolas ou no Poupatempo, o respons\u00e1vel legal ou estudante maior de 18 anos deve apresentar o RG, hist\u00f3rico escolar e comprovante de resid\u00eancia.<\/p>\n<p><strong>Matr\u00edcula de alunos da rede e transfer\u00eancia<\/strong><\/p>\n<p>A partir deste ano, quem j\u00e1 est\u00e1 em uma das escolas da rede estadual em 2024 n\u00e3o precisa fazer a rematr\u00edcula. A vaga para o pr\u00f3ximo ano letivo est\u00e1 garantida e ser\u00e1 registrada automaticamente. A partir de 14 de agosto, a confirma\u00e7\u00e3o do local estar\u00e1 dispon\u00edvel para consulta nos postos do Poupatempo e na Secretaria Escolar Digital (SED) na op\u00e7\u00e3o \u201cConsulta P\u00fablica\u201d.<\/p>\n<p>Caso o aluno queira mudar de escola, o per\u00edodo para solicita\u00e7\u00e3o de transfer\u00eancia, que geralmente acontecia no m\u00eas de janeiro do ano seguinte, foi antecipado pela Secretaria e vai seguir o mesmo da matr\u00edcula (19 de agosto e 13 de setembro). Os interessados devem fazer o pedido tamb\u00e9m na p\u00e1gina da SED \u2014 em \u201cInten\u00e7\u00e3o\u201d pelo perfil do respons\u00e1vel ou aluno maior de 18 anos.<\/p>\n<p>O resultado final ser\u00e1 divulgado a partir do dia 2 de dezembro.<\/p>\n<p><strong>Calend\u00e1rio 2025<\/strong><\/p>\n<p>A Seduc-SP tamb\u00e9m definiu o calend\u00e1rio do pr\u00f3ximo ano. Em 2025, as aulas do primeiro semestre ter\u00e3o in\u00edcio em 3 de fevereiro. O recesso escolar do meio do ano est\u00e1 previsto para o per\u00edodo entre os dias 1\u00ba e 20 de julho. Para o cumprimento dos 200 dias letivos, estabelecido pela Lei de Diretrizes e Base (LDB), o fim das atividades est\u00e3o agendadas para 9 de dezembro.<\/p>\n<p>&nbsp;<\/p>\n<p>*fonte: O Taboanense \/\/ *foto: Eduardo Toledo<\/p>\n","protected":false},"excerpt":{"rendered":"<p>Podem se matricular alunos de escolas particulares, de outros estados ou pa\u00edses e quem est\u00e1 fora da escola &nbsp; Estudantes<\/p>\n","protected":false},"author":3,"featured_media":8330,"comment_status":"open","ping_status":"open","sticky":false,"template":"","format":"standard","meta":{"footnotes":""},"categories":[1,15,16,17,4,8,10],"tags":[],"class_list":["post-8329","post","type-post","status-publish","format-standard","has-post-thumbnail","hentry","category-destaque","category-embu-das-artes","category-itapecerica-da-serra","category-juquitiba","category-noticias","category-sao-lourenco","category-taboao-da-serra"],"_links":{"self":[{"href":"https:\/\/folhadopirajucara.com.br\/index.php\/wp-json\/wp\/v2\/posts\/8329"}],"collection":[{"href":"https:\/\/folhadopirajucara.com.br\/index.php\/wp-json\/wp\/v2\/posts"}],"about":[{"href":"https:\/\/folhadopirajucara.com.br\/index.php\/wp-json\/wp\/v2\/types\/post"}],"author":[{"embeddable":true,"href":"https:\/\/folhadopirajucara.com.br\/index.php\/wp-json\/wp\/v2\/users\/3"}],"replies":[{"embeddable":true,"href":"https:\/\/folhadopirajucara.com.br\/index.php\/wp-json\/wp\/v2\/comments?post=8329"}],"version-history":[{"count":1,"href":"https:\/\/folhadopirajucara.com.br\/index.php\/wp-json\/wp\/v2\/posts\/8329\/revisions"}],"predecessor-version":[{"id":8331,"href":"https:\/\/folhadopirajucara.com.br\/index.php\/wp-json\/wp\/v2\/posts\/8329\/revisions\/8331"}],"wp:featuredmedia":[{"embeddable":true,"href":"https:\/\/folhadopirajucara.com.br\/index.php\/wp-json\/wp\/v2\/media\/8330"}],"wp:attachment":[{"href":"https:\/\/folhadopirajucara.com.br\/index.php\/wp-json\/wp\/v2\/media?parent=8329"}],"wp:term":[{"taxonomy":"category","embeddable":true,"href":"https:\/\/folhadopirajucara.com.br\/index.php\/wp-json\/wp\/v2\/categories?post=8329"},{"taxonomy":"post_tag","embeddable":true,"href":"https:\/\/folhadopirajucara.com.br\/index.php\/wp-json\/wp\/v2\/tags?post=8329"}],"curies":[{"name":"wp","href":"https:\/\/api.w.org\/{rel}","templated":true}]}}