{"id":8401,"date":"2024-09-19T17:06:19","date_gmt":"2024-09-19T20:06:19","guid":{"rendered":"https:\/\/folhadopirajucara.com.br\/?p=8401"},"modified":"2024-09-19T17:08:24","modified_gmt":"2024-09-19T20:08:24","slug":"itapecerica-da-serra-tera-debate-entre-candidatos-a-prefeito-nesta-quinta-feira-19-09","status":"publish","type":"post","link":"https:\/\/folhadopirajucara.com.br\/index.php\/2024\/09\/19\/itapecerica-da-serra-tera-debate-entre-candidatos-a-prefeito-nesta-quinta-feira-19-09\/","title":{"rendered":"Itapecerica da Serra ter\u00e1 debate entre candidatos a prefeito nesta quinta-feira, 19\/09"},"content":{"rendered":"<p style=\"font-weight: 400;\"><img loading=\"lazy\" decoding=\"async\" class=\"size-medium wp-image-8403 alignleft\" src=\"https:\/\/folhadopirajucara.com.br\/wp-content\/uploads\/2024\/09\/QgQejtulFEnDVQ1E9qgvXWXutqwjCAr91hYr5j8r-300x169.jpg\" alt=\"\" width=\"300\" height=\"169\" srcset=\"https:\/\/folhadopirajucara.com.br\/wp-content\/uploads\/2024\/09\/QgQejtulFEnDVQ1E9qgvXWXutqwjCAr91hYr5j8r-300x169.jpg 300w, https:\/\/folhadopirajucara.com.br\/wp-content\/uploads\/2024\/09\/QgQejtulFEnDVQ1E9qgvXWXutqwjCAr91hYr5j8r-1024x576.jpg 1024w, https:\/\/folhadopirajucara.com.br\/wp-content\/uploads\/2024\/09\/QgQejtulFEnDVQ1E9qgvXWXutqwjCAr91hYr5j8r-768x432.jpg 768w, https:\/\/folhadopirajucara.com.br\/wp-content\/uploads\/2024\/09\/QgQejtulFEnDVQ1E9qgvXWXutqwjCAr91hYr5j8r.jpg 1280w\" sizes=\"(max-width: 300px) 100vw, 300px\" \/>Os eleitores de Itapecerica da Serra poder\u00e3o conhecer mais sobre os planos e propostas dos candidatos \u00e0 prefeitura no debate desta quinta-feira, 19\/09, \u00e0s 19h30.<\/p>\n<p style=\"font-weight: 400;\">O evento ser\u00e1 transmitido ao vivo pelo canal da Par\u00f3quia Sant\u00edssima Trindade, no YouTube (@p.santissimatrindade).<\/p>\n<p style=\"font-weight: 400;\">Cinco dos seis candidatos confirmaram participa\u00e7\u00e3o: Jones Donizette, Dr. Nakano, Jorge Costa, Luciana Barbosa e Adriana Abelh\u00e3o.<\/p>\n<p style=\"font-weight: 400;\">Jones Donizette, que lidera as \u00faltimas pesquisas de inten\u00e7\u00e3o de voto, ressaltou a import\u00e2ncia do evento: &#8220;Estar presente no debate \u00e9 essencial para apresentarmos nossos projetos e inten\u00e7\u00f5es para transformar Itapecerica da Serra&#8221;.<\/p>\n<p style=\"font-weight: 400;\">O debate promete ser uma oportunidade valiosa para que os moradores da cidade avaliem as propostas e escolham o futuro l\u00edder da cidade.<\/p>\n<p>&nbsp;<\/p>\n<h5>*fonte: Jornal na Net \/\/ foto montagem:\u00a0Simone Portelo<\/h5>\n","protected":false},"excerpt":{"rendered":"<p>Os eleitores de Itapecerica da Serra poder\u00e3o conhecer mais sobre os planos e propostas dos candidatos \u00e0 prefeitura no debate<\/p>\n","protected":false},"author":3,"featured_media":8402,"comment_status":"open","ping_status":"open","sticky":false,"template":"","format":"standard","meta":{"footnotes":""},"categories":[1,80,16,4],"tags":[],"class_list":["post-8401","post","type-post","status-publish","format-standard","has-post-thumbnail","hentry","category-destaque","category-eleicoes-2024","category-itapecerica-da-serra","category-noticias"],"_links":{"self":[{"href":"https:\/\/folhadopirajucara.com.br\/index.php\/wp-json\/wp\/v2\/posts\/8401"}],"collection":[{"href":"https:\/\/folhadopirajucara.com.br\/index.php\/wp-json\/wp\/v2\/posts"}],"about":[{"href":"https:\/\/folhadopirajucara.com.br\/index.php\/wp-json\/wp\/v2\/types\/post"}],"author":[{"embeddable":true,"href":"https:\/\/folhadopirajucara.com.br\/index.php\/wp-json\/wp\/v2\/users\/3"}],"replies":[{"embeddable":true,"href":"https:\/\/folhadopirajucara.com.br\/index.php\/wp-json\/wp\/v2\/comments?post=8401"}],"version-history":[{"count":2,"href":"https:\/\/folhadopirajucara.com.br\/index.php\/wp-json\/wp\/v2\/posts\/8401\/revisions"}],"predecessor-version":[{"id":8405,"href":"https:\/\/folhadopirajucara.com.br\/index.php\/wp-json\/wp\/v2\/posts\/8401\/revisions\/8405"}],"wp:featuredmedia":[{"embeddable":true,"href":"https:\/\/folhadopirajucara.com.br\/index.php\/wp-json\/wp\/v2\/media\/8402"}],"wp:attachment":[{"href":"https:\/\/folhadopirajucara.com.br\/index.php\/wp-json\/wp\/v2\/media?parent=8401"}],"wp:term":[{"taxonomy":"category","embeddable":true,"href":"https:\/\/folhadopirajucara.com.br\/index.php\/wp-json\/wp\/v2\/categories?post=8401"},{"taxonomy":"post_tag","embeddable":true,"href":"https:\/\/folhadopirajucara.com.br\/index.php\/wp-json\/wp\/v2\/tags?post=8401"}],"curies":[{"name":"wp","href":"https:\/\/api.w.org\/{rel}","templated":true}]}}