{"id":8439,"date":"2024-10-03T12:41:09","date_gmt":"2024-10-03T15:41:09","guid":{"rendered":"https:\/\/folhadopirajucara.com.br\/?p=8439"},"modified":"2024-10-03T12:41:09","modified_gmt":"2024-10-03T15:41:09","slug":"maior-parte-dos-estados-brasileiros-abre-mao-da-lei-seca-nas-eleicoes-de-6-de-outubro","status":"publish","type":"post","link":"https:\/\/folhadopirajucara.com.br\/index.php\/2024\/10\/03\/maior-parte-dos-estados-brasileiros-abre-mao-da-lei-seca-nas-eleicoes-de-6-de-outubro\/","title":{"rendered":"Maior parte dos estados brasileiros abre m\u00e3o da Lei Seca nas elei\u00e7\u00f5es de 6 de outubro"},"content":{"rendered":"<blockquote>\n<p style=\"text-align: center;\"><strong><em>Abrasel afirma que a manuten\u00e7\u00e3o da medida n\u00e3o reflete a maturidade esperada dos eleitores para o pleito do pr\u00f3ximo domingo<\/em><\/strong><\/p>\n<\/blockquote>\n<p>&nbsp;<\/p>\n<p>A maioria dos estados n\u00e3o adotar\u00e1 a Lei Seca durante as elei\u00e7\u00f5es do pr\u00f3ximo dia 6 de outubro. Segundo um levantamento realizado pela Abrasel, 15 estados n\u00e3o devem adotar a restri\u00e7\u00e3o no pr\u00f3ximo final de semana, sendo eles Bahia, Esp\u00edrito Santo, Goi\u00e1s, Mato Grosso, Minas Gerais, Para\u00edba, Paran\u00e1, Pernambuco, Rio de Janeiro, Rio Grande do Norte, Rio Grande do Sul, Rond\u00f4nia, Santa Catarina, S\u00e3o Paulo, Sergipe.<\/p>\n<p>A Associa\u00e7\u00e3o destaca que essa decis\u00e3o reflete a expectativa de um processo eleitoral maduro e harm\u00f4nico, sem a necessidade de restri\u00e7\u00f5es. O presidente-executivo da Abrasel, Paulo Solmucci, afirma que a proibi\u00e7\u00e3o se apresenta contr\u00e1ria \u00e0 maturidade dos eleitores e que a perspectiva \u00e9 de que o pleito transcorra de forma tranquila.<\/p>\n<p>&#8220;O Brasil \u00e9 uma democracia e, como tal, deve permitir que seus cidad\u00e3os fa\u00e7am escolhas conscientes e respons\u00e1veis. A proibi\u00e7\u00e3o da venda de bebidas alco\u00f3licas durante o dia de vota\u00e7\u00e3o n\u00e3o condiz com a maturidade da nossa sociedade. Al\u00e9m disso, bares e restaurantes desempenham um papel importante no dia a dia das pessoas, oferecendo um espa\u00e7o de conviv\u00eancia e lazer, mesmo em dias como esses&#8221;, afirma.<\/p>\n<p>&#8220;A maioria dos estados brasileiros abriram m\u00e3o da Lei Seca porque as elei\u00e7\u00f5es t\u00eam transcorrido em harmonia e estados como S\u00e3o Paulo e Minas Gerais, que h\u00e1 mais de d\u00e9cadas adotaram a restri\u00e7\u00e3o, optaram por n\u00e3o mant\u00ea-la. E o que recomendamos fortemente aos demais estados, \u00e9 que tomem a mesma atitude&#8221;, destaca.<\/p>\n<p>At\u00e9 o momento, Acre, Alagoas, Amap\u00e1, Amazonas, Cear\u00e1, Maranh\u00e3o, Mato Grosso do Sul, Par\u00e1, Piau\u00ed e Roraima ainda mant\u00e9m a restri\u00e7\u00e3o da venda de bebidas alco\u00f3licas. Em Tocantins, mais de 50 cidades adotar\u00e3o \u00e0 Lei Seca.<\/p>\n<p>&nbsp;<\/p>\n<p><strong>Pedido de suspens\u00e3o da medida<\/strong><\/p>\n<p>&nbsp;<\/p>\n<p>Nos estados em que, at\u00e9 ent\u00e3o, haver\u00e1 restri\u00e7\u00e3o \u00e0 venda de bebidas alco\u00f3licas, a Abrasel solicitou a suspens\u00e3o da medida. No Paran\u00e1, a Secretaria de Seguran\u00e7a P\u00fablica derrubou a suspens\u00e3o das vendas ap\u00f3s o envio de um of\u00edcio da Abrasel no estado pedindo que a decis\u00e3o fosse revista.<\/p>\n<p>&nbsp;<\/p>\n<p>*por: \u00cdsis Castro \/\/ *foto:\u00a0bar_dodavid<\/p>\n","protected":false},"excerpt":{"rendered":"<p>Abrasel afirma que a manuten\u00e7\u00e3o da medida n\u00e3o reflete a maturidade esperada dos eleitores para o pleito do pr\u00f3ximo domingo<\/p>\n","protected":false},"author":3,"featured_media":8440,"comment_status":"open","ping_status":"open","sticky":false,"template":"","format":"standard","meta":{"footnotes":""},"categories":[1,80,4],"tags":[],"class_list":["post-8439","post","type-post","status-publish","format-standard","has-post-thumbnail","hentry","category-destaque","category-eleicoes-2024","category-noticias"],"_links":{"self":[{"href":"https:\/\/folhadopirajucara.com.br\/index.php\/wp-json\/wp\/v2\/posts\/8439"}],"collection":[{"href":"https:\/\/folhadopirajucara.com.br\/index.php\/wp-json\/wp\/v2\/posts"}],"about":[{"href":"https:\/\/folhadopirajucara.com.br\/index.php\/wp-json\/wp\/v2\/types\/post"}],"author":[{"embeddable":true,"href":"https:\/\/folhadopirajucara.com.br\/index.php\/wp-json\/wp\/v2\/users\/3"}],"replies":[{"embeddable":true,"href":"https:\/\/folhadopirajucara.com.br\/index.php\/wp-json\/wp\/v2\/comments?post=8439"}],"version-history":[{"count":1,"href":"https:\/\/folhadopirajucara.com.br\/index.php\/wp-json\/wp\/v2\/posts\/8439\/revisions"}],"predecessor-version":[{"id":8441,"href":"https:\/\/folhadopirajucara.com.br\/index.php\/wp-json\/wp\/v2\/posts\/8439\/revisions\/8441"}],"wp:featuredmedia":[{"embeddable":true,"href":"https:\/\/folhadopirajucara.com.br\/index.php\/wp-json\/wp\/v2\/media\/8440"}],"wp:attachment":[{"href":"https:\/\/folhadopirajucara.com.br\/index.php\/wp-json\/wp\/v2\/media?parent=8439"}],"wp:term":[{"taxonomy":"category","embeddable":true,"href":"https:\/\/folhadopirajucara.com.br\/index.php\/wp-json\/wp\/v2\/categories?post=8439"},{"taxonomy":"post_tag","embeddable":true,"href":"https:\/\/folhadopirajucara.com.br\/index.php\/wp-json\/wp\/v2\/tags?post=8439"}],"curies":[{"name":"wp","href":"https:\/\/api.w.org\/{rel}","templated":true}]}}