{"id":8479,"date":"2024-10-31T10:49:22","date_gmt":"2024-10-31T13:49:22","guid":{"rendered":"https:\/\/folhadopirajucara.com.br\/?p=8479"},"modified":"2024-10-31T12:01:35","modified_gmt":"2024-10-31T15:01:35","slug":"prefeitos-de-taboao-e-embu-vao-a-brasilia-captar-recursos-do-orcamento-de-2025","status":"publish","type":"post","link":"https:\/\/folhadopirajucara.com.br\/index.php\/2024\/10\/31\/prefeitos-de-taboao-e-embu-vao-a-brasilia-captar-recursos-do-orcamento-de-2025\/","title":{"rendered":"Prefeitos de Tabo\u00e3o e Embu v\u00e3o \u00e0 Bras\u00edlia captar recursos do Or\u00e7amento de 2025"},"content":{"rendered":"<p>Em viagem \u00e0 Brasilia imediatamente ap\u00f3s vencer a elei\u00e7\u00e3o, o prefeito eleito de Tabo\u00e3o da Serra, Daniel Bogalho, o engenheiro Daniel, (Uni\u00e3o Brasil), pretende garantir para cidade emendas parlamentares do or\u00e7amento federal de 2025, para aplicar infraestrutura e sa\u00fade, que beiram o montante de R$ 30 milh\u00f5es. A meta ambiciosa \u00e9 mesma do tamb\u00e9m prefeito eleito de Embu das Artes, Hugo Prado, (Republicanos), eleito em 6 de outubro.<\/p>\n<p>Os dois prefeitos eleitos est\u00e3o acompanhados pelo atual prefeito de Embu, Ney Santos (Republicanos), que ao lado da irm\u00e3, deputada federal Ely Santos, articulou as visitas aos parlamentares do Republicanos, Uni\u00e3o Brasil e outras bancadas, a fim de levantar recursos de emendas parlamentares para o or\u00e7amento de 2025.<\/p>\n<p>Logo ap\u00f3s vencer a elei\u00e7\u00e3o no domingo 27, com quase 90 mil votos, Daniel anunciou \u00e0 imprensa que iria a capital federal em busca de recursos, deixando clara a preocupa\u00e7\u00e3o com as finan\u00e7as da cidade e o endividamento da prefeitura.<\/p>\n<p>&#8220;Quero que o atual governo seja democr\u00e1tico e fa\u00e7a uma transi\u00e7\u00e3o tranquila para que a popula\u00e7\u00e3o de Tabo\u00e3o n\u00e3o seja penalizada de forma nenhuma&#8221;, observou Daniel.<\/p>\n<p>J\u00e1 veterano nesse tipo de viagem Hugo Prado disse que aprendeu com o prefeito Ney Santos a utilizar a capta\u00e7\u00e3o de emendas para impulsionar melhorias nas \u00e1reas estrat\u00e9gicas da cidade.<\/p>\n<p>&#8220;Vou deixar a prefeitura do Embu em 31 de dezembro, mas pretendo continuar ajudando e muito a minha cidade e a regi\u00e3o. Nesses anos de mandato fiz contatos importantes em Bras\u00edlia e quero ajudar mantendo essas portas abertas&#8221;, declarou Ney Santos.<\/p>\n<p>A comitiva de prefeitos chegou a Bras\u00edlia dia 29 de outubro e retornar\u00e1 em 1\u00ba de novembro.<\/p>\n<p>&nbsp;<\/p>\n<p>*por: Sandra Pereira (Jornal na Net)<\/p>\n","protected":false},"excerpt":{"rendered":"<p>Em viagem \u00e0 Brasilia imediatamente ap\u00f3s vencer a elei\u00e7\u00e3o, o prefeito eleito de Tabo\u00e3o da Serra, Daniel Bogalho, o engenheiro<\/p>\n","protected":false},"author":3,"featured_media":8497,"comment_status":"open","ping_status":"open","sticky":false,"template":"","format":"standard","meta":{"footnotes":""},"categories":[1,15,4,10],"tags":[],"class_list":["post-8479","post","type-post","status-publish","format-standard","has-post-thumbnail","hentry","category-destaque","category-embu-das-artes","category-noticias","category-taboao-da-serra"],"_links":{"self":[{"href":"https:\/\/folhadopirajucara.com.br\/index.php\/wp-json\/wp\/v2\/posts\/8479"}],"collection":[{"href":"https:\/\/folhadopirajucara.com.br\/index.php\/wp-json\/wp\/v2\/posts"}],"about":[{"href":"https:\/\/folhadopirajucara.com.br\/index.php\/wp-json\/wp\/v2\/types\/post"}],"author":[{"embeddable":true,"href":"https:\/\/folhadopirajucara.com.br\/index.php\/wp-json\/wp\/v2\/users\/3"}],"replies":[{"embeddable":true,"href":"https:\/\/folhadopirajucara.com.br\/index.php\/wp-json\/wp\/v2\/comments?post=8479"}],"version-history":[{"count":1,"href":"https:\/\/folhadopirajucara.com.br\/index.php\/wp-json\/wp\/v2\/posts\/8479\/revisions"}],"predecessor-version":[{"id":8481,"href":"https:\/\/folhadopirajucara.com.br\/index.php\/wp-json\/wp\/v2\/posts\/8479\/revisions\/8481"}],"wp:featuredmedia":[{"embeddable":true,"href":"https:\/\/folhadopirajucara.com.br\/index.php\/wp-json\/wp\/v2\/media\/8497"}],"wp:attachment":[{"href":"https:\/\/folhadopirajucara.com.br\/index.php\/wp-json\/wp\/v2\/media?parent=8479"}],"wp:term":[{"taxonomy":"category","embeddable":true,"href":"https:\/\/folhadopirajucara.com.br\/index.php\/wp-json\/wp\/v2\/categories?post=8479"},{"taxonomy":"post_tag","embeddable":true,"href":"https:\/\/folhadopirajucara.com.br\/index.php\/wp-json\/wp\/v2\/tags?post=8479"}],"curies":[{"name":"wp","href":"https:\/\/api.w.org\/{rel}","templated":true}]}}