{"id":8524,"date":"2024-11-14T17:19:08","date_gmt":"2024-11-14T20:19:08","guid":{"rendered":"https:\/\/folhadopirajucara.com.br\/?p=8524"},"modified":"2024-11-14T17:19:08","modified_gmt":"2024-11-14T20:19:08","slug":"veja-o-que-abre-e-fecha-no-feriado-de-proclamacao-da-republica","status":"publish","type":"post","link":"https:\/\/folhadopirajucara.com.br\/index.php\/2024\/11\/14\/veja-o-que-abre-e-fecha-no-feriado-de-proclamacao-da-republica\/","title":{"rendered":"Veja o que abre e fecha no feriado de Proclama\u00e7\u00e3o da Rep\u00fablica"},"content":{"rendered":"<article class=\"visualizador-noticia\">\n<p dir=\"ltr\">Na pr\u00f3xima sexta-feira, 15, \u00e9 comemorada a proclama\u00e7\u00e3o da rep\u00fablica. Na segunda-feira, 18, e na ter\u00e7a-feira, 19, foi decretado ponto facultativo em Tabo\u00e3o da Serra em decorr\u00eancia ao tamb\u00e9m feriado na pr\u00f3xima quarta-feira, 20, consci\u00eancia negra, por isso, o funcionamento de alguns servi\u00e7os e \u00f3rg\u00e3os p\u00fablicos ser\u00e3o afetados.<\/p>\n<p dir=\"ltr\"><strong>INSS<\/strong><\/p>\n<p dir=\"ltr\">As ag\u00eancias do Instituto Nacional do Seguro Social (<a href=\"https:\/\/www.jornalcontabil.com.br\/?s=inss\">INSS<\/a>) ficam fechadas neste dia 15 de novembro, mas na segunda-feira, 18, \u00e9 poss\u00edvel utilizar o servi\u00e7o normalmente.<\/p>\n<h4 dir=\"ltr\">135<\/h4>\n<p dir=\"ltr\">A Central Telef\u00f4nica 135 tamb\u00e9m n\u00e3o funciona no feriado para atendimento humano, mas \u00e9 poss\u00edvel navegar pelos servi\u00e7os automatizados, nas op\u00e7\u00f5es do menu inicial na Unidade de Resposta Aud\u00edvel (URA).<\/p>\n<h4 dir=\"ltr\">Meu INSS<\/h4>\n<p dir=\"ltr\">Os cidad\u00e3os podem acessar mais de 100 servi\u00e7os do INSS a dist\u00e2ncia e a qualquer hora pelo Meu INSS (aplicativo e site meu.inss.gov.br).<\/p>\n<p dir=\"ltr\"><strong>Bancos<\/strong><\/p>\n<p dir=\"ltr\">A Federa\u00e7\u00e3o Brasileira de Bancos (Febraban) divulgou em nota que n\u00e3o haver\u00e1 atendimento nas ag\u00eancias banc\u00e1rias no dia 15 e no dia 20, mas nos dias 18 e 19 funcionar\u00e1 normalmente.\u00a0 Durante o feriado, os canais de autoatendimento dos bancos, sejam eles digitais e remotos, assim como os atendimentos via telefone e computador ir\u00e3o funcionar normalmente. Caso voc\u00ea tenha alguma conta de consumo ou carn\u00ea com vencimento no dia 15, o pagamento poder\u00e1 ser efetuado no dia 18, sem acr\u00e9scimo do valor.<\/p>\n<p dir=\"ltr\"><strong>Poupatempo<\/strong><\/p>\n<p dir=\"ltr\">Os postos do Poupatempo estar\u00e3o fechados no dia 15.\u00a0 Na segunda-feira, 18, as unidades do Estado voltam a funcionar normalmente para o atendimento presencial, mediante agendamento pr\u00e9vio obrigat\u00f3rio. Importante: durante o feriado, o Poupatempo continuar\u00e1 oferecendo servi\u00e7os por meio dos canais online no portal www.poupatempo.sp.gov.br e aplicativo Poupatempo Digital.<\/p>\n<p dir=\"ltr\">Os servi\u00e7os essenciais, como Guarda Civil Municipal, SAMU, prontos-socorros e etc, funcionam normalmente.<\/p>\n<p dir=\"ltr\"><strong>Shopping Tabo\u00e3o<\/strong><\/p>\n<p dir=\"ltr\">As lojas do Shopping Tabo\u00e3o abrir\u00e3o das 14h \u00e0s 20h, a pra\u00e7a de alimenta\u00e7\u00e3o tamb\u00e9m funcionar\u00e1 normalmente esse hor\u00e1rio.<\/p>\n<p dir=\"ltr\"><strong>Itapecerica Shopping\u00a0<\/strong><\/p>\n<p dir=\"ltr\">As lojas do Itapecerica Shopping funcionar\u00e3o das 14h \u00e0s 20h. A pra\u00e7a de alimenta\u00e7\u00e3o nesta quarta,\u00a0 abre a partir das 11h.<\/p>\n<p dir=\"ltr\"><strong>Com\u00e9rcios\u00a0<\/strong><\/p>\n<p dir=\"ltr\">A abertura de com\u00e9rcio em geral, bares, restaurantes, galerias, estabelecimentos culturais e pontos tur\u00edsticos ter\u00e3o a abertura opcional. Mercados e farm\u00e1cias tamb\u00e9m abriram de acordo com a decis\u00e3o do propriet\u00e1rio.<\/p>\n<p dir=\"ltr\"><strong>Correios<\/strong><br \/>\nAs ag\u00eancias dos Correios n\u00e3o v\u00e3o abrir na quinta-feira. O atendimento volta a partir de sexta-feira. O servi\u00e7o aos consumidores estar\u00e1 dispon\u00edvel pelo Fale Conosco dos Correios, pelos telefones 0800 725 7282, 0800 725 0100 e 3003 0100, ou pelo chat, localizado no canto inferior do site dos Correios.<\/p>\n<\/article>\n<p dir=\"ltr\">*fonte e foto: Jornal na Net<\/p>\n","protected":false},"excerpt":{"rendered":"<p>Na pr\u00f3xima sexta-feira, 15, \u00e9 comemorada a proclama\u00e7\u00e3o da rep\u00fablica. Na segunda-feira, 18, e na ter\u00e7a-feira, 19, foi decretado ponto<\/p>\n","protected":false},"author":3,"featured_media":8525,"comment_status":"open","ping_status":"open","sticky":false,"template":"","format":"standard","meta":{"footnotes":""},"categories":[1,4,10],"tags":[],"class_list":["post-8524","post","type-post","status-publish","format-standard","has-post-thumbnail","hentry","category-destaque","category-noticias","category-taboao-da-serra"],"_links":{"self":[{"href":"https:\/\/folhadopirajucara.com.br\/index.php\/wp-json\/wp\/v2\/posts\/8524"}],"collection":[{"href":"https:\/\/folhadopirajucara.com.br\/index.php\/wp-json\/wp\/v2\/posts"}],"about":[{"href":"https:\/\/folhadopirajucara.com.br\/index.php\/wp-json\/wp\/v2\/types\/post"}],"author":[{"embeddable":true,"href":"https:\/\/folhadopirajucara.com.br\/index.php\/wp-json\/wp\/v2\/users\/3"}],"replies":[{"embeddable":true,"href":"https:\/\/folhadopirajucara.com.br\/index.php\/wp-json\/wp\/v2\/comments?post=8524"}],"version-history":[{"count":1,"href":"https:\/\/folhadopirajucara.com.br\/index.php\/wp-json\/wp\/v2\/posts\/8524\/revisions"}],"predecessor-version":[{"id":8526,"href":"https:\/\/folhadopirajucara.com.br\/index.php\/wp-json\/wp\/v2\/posts\/8524\/revisions\/8526"}],"wp:featuredmedia":[{"embeddable":true,"href":"https:\/\/folhadopirajucara.com.br\/index.php\/wp-json\/wp\/v2\/media\/8525"}],"wp:attachment":[{"href":"https:\/\/folhadopirajucara.com.br\/index.php\/wp-json\/wp\/v2\/media?parent=8524"}],"wp:term":[{"taxonomy":"category","embeddable":true,"href":"https:\/\/folhadopirajucara.com.br\/index.php\/wp-json\/wp\/v2\/categories?post=8524"},{"taxonomy":"post_tag","embeddable":true,"href":"https:\/\/folhadopirajucara.com.br\/index.php\/wp-json\/wp\/v2\/tags?post=8524"}],"curies":[{"name":"wp","href":"https:\/\/api.w.org\/{rel}","templated":true}]}}