{"id":8527,"date":"2024-11-13T17:19:38","date_gmt":"2024-11-13T20:19:38","guid":{"rendered":"https:\/\/folhadopirajucara.com.br\/?p=8527"},"modified":"2024-11-14T17:23:15","modified_gmt":"2024-11-14T20:23:15","slug":"projeto-que-proibe-uso-do-celular-em-sala-de-aula-e-aprovado-pela-assembleia-legislativa-de-sp","status":"publish","type":"post","link":"https:\/\/folhadopirajucara.com.br\/index.php\/2024\/11\/13\/projeto-que-proibe-uso-do-celular-em-sala-de-aula-e-aprovado-pela-assembleia-legislativa-de-sp\/","title":{"rendered":"Projeto que pro\u00edbe uso do celular em sala de aula \u00e9 aprovado pela Assembleia Legislativa de SP"},"content":{"rendered":"<p>A Assembleia Legislativa de S\u00e3o Paulo aprovou, nesta ter\u00e7a-feira (12), por unanimidade, um projeto de lei que\u00a0pro\u00edbe o uso de celulares por alunos das escolas p\u00fablicas e privadas\u00a0do Estado. A proposta segue para san\u00e7\u00e3o do governador Tarc\u00edsio de Freitas (Republicanos).<\/p>\n<div id=\"slot-intext\" class=\"ad-banner ad-banner-tag-visible ad-refresh-impression-viewable\">\n<div id=\"slot-intext_placecm3fxicdu00bc011yj8005gqs\" class=\"slot-intext_place ad-banner-tag-slot-intext_placecm3fxicdu00bc011yj8005gqs\" data-center=\"false\" data-google-query-id=\"CNK2n9fS2YkDFW5KuAQdBdkCYQ\" data-cid=\"138475681260\" data-lin=\"6727380716\">\n<div id=\"google_ads_iframe_21766049037\/GZH\/gzh_educacao\/gzh_educacao_materias\/gzh_educacao_materias_display_intext_1_0__container__\">\n<div id=\"inArticle_1\" class=\"st-placement inArticle_1 inArticle\">\n<div class=\"st-adunit st-adunit-tagged st-reset st-show\">\n<div class=\"st-adunit-ad st-reset\">\n<div>\n<div class=\"st-display-render st-reset open 587x330\">\n<div class=\"st-canvas st-reset full-responsive\">\n<div class=\"x-to-close st-reset\">\n<div class=\"article-paragraph\">\n<p>O texto prev\u00ea a proibi\u00e7\u00e3o, inclusive, do uso dos celulares durante o recreio e intervalos entre as aulas. Mas libera \u00a0em casos de necessidade de aux\u00edlio tecnol\u00f3gico por parte de alunos com defici\u00eancia.<\/p>\n<\/div>\n<div class=\"article-paragraph\">\n<p>O PL tamb\u00e9m permite o uso dos aparelhos em casos onde houver a necessidade pedag\u00f3gica para a utiliza\u00e7\u00e3o de conte\u00fados digitais ou de ferramentas educacionais.<\/p>\n<div class=\"article-paragraph\">\n<p>\u2014 O uso constante de dispositivos m\u00f3veis durante as aulas tem sido associado a uma diminui\u00e7\u00e3o significativa na capacidade de concentra\u00e7\u00e3o e desempenho acad\u00eamico \u2014 afirmou a autora do projeto, a deputada Marina Helou (Rede).<\/p>\n<\/div>\n<div class=\"article-paragraph\">\n<h2>Proibi\u00e7\u00e3o nas escolas de todo o pa\u00eds<\/h2>\n<\/div>\n<div class=\"article-paragraph\">\n<p>Um\u00a0<a href=\"https:\/\/gauchazh.clicrbs.com.br\/educacao\/educacao-basica\/noticia\/2024\/10\/com-proibicao-de-uso-ate-no-recreio-projeto-de-lei-propoe-restricoes-de-celulares-nas-escolas-cm29gv5ac006y0142b2inb5n3.html\">projeto de lei que prop\u00f5e restri\u00e7\u00f5es\u00a0<\/a>e a\u00a0proibi\u00e7\u00e3o do uso dos aparelhos eletr\u00f4nicos\u00a0por estudantes da Educa\u00e7\u00e3o B\u00e1sica ganha for\u00e7a na C\u00e2mara dos Deputados. Em paralelo, o\u00a0<a href=\"https:\/\/gauchazh.clicrbs.com.br\/educacao\/educacao-basica\/noticia\/2024\/09\/ministerio-da-educacao-vai-propor-lei-para-proibir-uso-de-celulares-em-sala-de-aula-cm1b8cqkg017w01334prim8na.html\">Minist\u00e9rio da Educa\u00e7\u00e3o (MEC) avalia o encaminhamento de um texto pr\u00f3prio<\/a>\u00a0sobre o assunto.<\/p>\n<\/div>\n<div class=\"article-paragraph\">\n<p>A proposta que tramita na C\u00e2mara \u00e9 o\u00a0<a href=\"https:\/\/www.camara.leg.br\/proposicoesWeb\/fichadetramitacao?idProposicao=945492\" target=\"_blank\" rel=\"noopener\">PL 104\/2015<\/a>, de autoria do deputado federal Alceu Moreira (MDB\/RS).<\/p>\n<\/div>\n<div class=\"article-paragraph\">\n<p><a href=\"https:\/\/gauchazh.clicrbs.com.br\/educacao\/educacao-basica\/noticia\/2024\/09\/se-nao-for-acompanhada-de-outras-medidas-a-proibicao-e-algo-vazio-diz-especialista-sobre-o-uso-de-celulares-em-sala-de-aula-cm1l9lpyj01c7011os46sy7le.html\">O projeto pro\u00edbe o uso de aparelhos eletr\u00f4nicos port\u00e1teis pessoais<\/a>\u00a0\u2013 o que inclui celulares e tablets, por exemplo \u2013 durante a aula e durante o recreio ou intervalos entre as aulas para todas as etapas da Educa\u00e7\u00e3o B\u00e1sica tanto em escolas p\u00fablicas como particulares. A exce\u00e7\u00e3o \u00e9 o uso para fins \u201c<a href=\"https:\/\/gauchazh.clicrbs.com.br\/educacao\/educacao-basica\/noticia\/2024\/09\/o-futuro-da-educacao-nao-e-a-ia-mas-a-educacao-do-futuro-precisara-ter-ferramentas-de-ia-dizem-especialistas-cm0ybqmzm00d0012z9opxaq14.html\">estritamente pedag\u00f3gicos ou did\u00e1ticos, conforme orienta\u00e7\u00e3o do docente\u201d<\/a>.<\/p>\n<\/div>\n<div class=\"article-paragraph\">\n<p>A proposta ainda prev\u00ea que o porte de aparelhos eletr\u00f4nicos port\u00e1teis, inclusive celulares, seja\u00a0proibido entre crian\u00e7as da Educa\u00e7\u00e3o Infantil e dos Anos Iniciais do Ensino Fundamental, etapa que vai at\u00e9 o quinto ano, exceto para fins de acessibilidade.<\/p>\n<\/div>\n<div class=\"article-paragraph\">\n<p>O texto inclui\u00a0<a href=\"https:\/\/gauchazh.clicrbs.com.br\/educacao\/educacao-basica\/noticia\/2024\/08\/bullying-e-cyberbullying-rs-registrou-138-ocorrencias-dos-crimes-entre-marco-e-julho-clzlqlqhv00b9011vlakndaij.html\">a necessidade de que as redes de ensino elaborem estrat\u00e9gias para tratar do tema do sofrimento ps\u00edquico e da sa\u00fade mental dos alunos<\/a>\u00a0e ofere\u00e7am treinamentos peri\u00f3dicos para a detec\u00e7\u00e3o, preven\u00e7\u00e3o e abordagem de \u201csinais sugestivos de sofrimento ps\u00edquico e mental e efeitos danosos do uso imoderado das telas e dispositivos eletr\u00f4nicos port\u00e1teis pessoais&#8221;.<\/p>\n<\/div>\n<div class=\"article-paragraph\">\n<p>Os estabelecimentos de ensino ainda seriam obrigados a\u00a0criar\u00a0espa\u00e7os de escuta e acolhimento para alunos ou funcion\u00e1rios sobre sofrimento decorrente do uso imoderado de telas e da nomofobia.<\/p>\n<\/div>\n<div class=\"article-paragraph\">\n<h2>Confira as principais mudan\u00e7as propostas:<\/h2>\n<\/div>\n<div class=\"article-paragraph\">\n<ul>\n<li class=\"unordered-list-item\">Proibi\u00e7\u00e3o do uso de aparelhos eletr\u00f4nicos port\u00e1teis pessoais durante a aula, o recreio ou intervalos entre as aulas para todas as etapas da Educa\u00e7\u00e3o B\u00e1sica, com exce\u00e7\u00e3o de uso pedag\u00f3gico ou did\u00e1tico orientado pelo professor<\/li>\n<li class=\"unordered-list-item\">Proibi\u00e7\u00e3o do porte de aparelhos eletr\u00f4nicos port\u00e1teis pessoais por alunos da Educa\u00e7\u00e3o Infantil e dos Anos Iniciais do Ensino Fundamental<\/li>\n<li class=\"unordered-list-item\">Para fins de acessibilidade, o uso desses aparelhos seguiria permitido<\/li>\n<li class=\"unordered-list-item\">Elabora\u00e7\u00e3o de estrat\u00e9gias, treinamentos e cria\u00e7\u00e3o de espa\u00e7os de acolhimento e escuta relativos ao sofrimento mental, em especial decorrente do uso excessivo de telas<\/li>\n<\/ul>\n<\/div>\n<div class=\"article-paragraph\">\n<p>A\u00a0previs\u00e3o \u00e9 de que o projeto seja votado pela Comiss\u00e3o de Educa\u00e7\u00e3o na pr\u00f3xima reuni\u00e3o deliberativa. Depois disso, tamb\u00e9m precisa tramitar junto \u00e0 Comiss\u00e3o de Constitui\u00e7\u00e3o e Justi\u00e7a para, ent\u00e3o, ser liberado para vota\u00e7\u00e3o em plen\u00e1rio. N\u00e3o h\u00e1 data para que nada disso ocorra.<\/p>\n<\/div>\n<div class=\"article-paragraph\">\n<p>Procurado,\u00a0o MEC informou que o governo federal trabalha no assunto, mas n\u00e3o possui uma data confirmada para an\u00fancio de medidas a respeito.<\/p>\n<\/div>\n<\/div>\n<\/div>\n<p>*por: Outro autor \/\/ *imagem: <a href=\"https:\/\/organizesuaescola.com.br\/uso-de-celular-na-escola\/\">Uso de celular na escola<\/a><\/p>\n<\/div>\n<\/div>\n<\/div>\n<\/div>\n<\/div>\n<\/div>\n<\/div>\n<\/div>\n<\/div>\n","protected":false},"excerpt":{"rendered":"<p>A Assembleia Legislativa de S\u00e3o Paulo aprovou, nesta ter\u00e7a-feira (12), por unanimidade, um projeto de lei que\u00a0pro\u00edbe o uso de<\/p>\n","protected":false},"author":3,"featured_media":8528,"comment_status":"open","ping_status":"open","sticky":false,"template":"","format":"standard","meta":{"footnotes":""},"categories":[1,4],"tags":[],"class_list":["post-8527","post","type-post","status-publish","format-standard","has-post-thumbnail","hentry","category-destaque","category-noticias"],"_links":{"self":[{"href":"https:\/\/folhadopirajucara.com.br\/index.php\/wp-json\/wp\/v2\/posts\/8527"}],"collection":[{"href":"https:\/\/folhadopirajucara.com.br\/index.php\/wp-json\/wp\/v2\/posts"}],"about":[{"href":"https:\/\/folhadopirajucara.com.br\/index.php\/wp-json\/wp\/v2\/types\/post"}],"author":[{"embeddable":true,"href":"https:\/\/folhadopirajucara.com.br\/index.php\/wp-json\/wp\/v2\/users\/3"}],"replies":[{"embeddable":true,"href":"https:\/\/folhadopirajucara.com.br\/index.php\/wp-json\/wp\/v2\/comments?post=8527"}],"version-history":[{"count":1,"href":"https:\/\/folhadopirajucara.com.br\/index.php\/wp-json\/wp\/v2\/posts\/8527\/revisions"}],"predecessor-version":[{"id":8529,"href":"https:\/\/folhadopirajucara.com.br\/index.php\/wp-json\/wp\/v2\/posts\/8527\/revisions\/8529"}],"wp:featuredmedia":[{"embeddable":true,"href":"https:\/\/folhadopirajucara.com.br\/index.php\/wp-json\/wp\/v2\/media\/8528"}],"wp:attachment":[{"href":"https:\/\/folhadopirajucara.com.br\/index.php\/wp-json\/wp\/v2\/media?parent=8527"}],"wp:term":[{"taxonomy":"category","embeddable":true,"href":"https:\/\/folhadopirajucara.com.br\/index.php\/wp-json\/wp\/v2\/categories?post=8527"},{"taxonomy":"post_tag","embeddable":true,"href":"https:\/\/folhadopirajucara.com.br\/index.php\/wp-json\/wp\/v2\/tags?post=8527"}],"curies":[{"name":"wp","href":"https:\/\/api.w.org\/{rel}","templated":true}]}}