{"id":8530,"date":"2024-11-10T17:23:43","date_gmt":"2024-11-10T20:23:43","guid":{"rendered":"https:\/\/folhadopirajucara.com.br\/?p=8530"},"modified":"2024-11-14T17:24:55","modified_gmt":"2024-11-14T20:24:55","slug":"inscricoes-para-o-vestibulinho-das-etecs-estao-abertas-ate-26-de-novembro","status":"publish","type":"post","link":"https:\/\/folhadopirajucara.com.br\/index.php\/2024\/11\/10\/inscricoes-para-o-vestibulinho-das-etecs-estao-abertas-ate-26-de-novembro\/","title":{"rendered":"Inscri\u00e7\u00f5es para o Vestibulinho das Etecs est\u00e3o abertas at\u00e9 26 de novembro"},"content":{"rendered":"<article class=\"visualizador-noticia\">Quem deseja estudar nas Etecs de Tabo\u00e3o da Serra e Embu das Artes deve ficar atento.<\/p>\n<p>O processo seletivo para as Escolas T\u00e9cnicas Estaduais (Etecs) do Centro Paula Souza (CPS) para o primeiro semestre de 2025 est\u00e1 com inscri\u00e7\u00f5es abertas at\u00e9 26 de novembro, \u00e0s 15h, pelo site vestibulinhoetec.com.br.<\/p>\n<p>O Vestibulinho das Etecs oferece 92.242 vagas, em ensino p\u00fablico e gratuito, para todo o estado de S\u00e3o Paulo.<\/p>\n<p>O valor da taxa de inscri\u00e7\u00e3o \u00e9 de R$ 39,85. O exame ser\u00e1 aplicado no dia 15 de dezembro.<\/p>\n<p>O interessado pode se candidatar para estudar nos Ensinos M\u00e9dio, T\u00e9cnico, M\u00e9dio integrado ao T\u00e9cnico, Articula\u00e7\u00e3o da Forma\u00e7\u00e3o Profissional M\u00e9dia e Superior (AMS), Especializa\u00e7\u00f5es T\u00e9cnicas ou vagas remanescentes de segundo m\u00f3dulo.<\/p>\n<\/article>\n<p>&nbsp;<\/p>\n<p>*por: Sandra Pereira<\/p>\n","protected":false},"excerpt":{"rendered":"<p>Quem deseja estudar nas Etecs de Tabo\u00e3o da Serra e Embu das Artes deve ficar atento. O processo seletivo para<\/p>\n","protected":false},"author":3,"featured_media":8531,"comment_status":"open","ping_status":"open","sticky":false,"template":"","format":"standard","meta":{"footnotes":""},"categories":[1,15,4,10],"tags":[],"class_list":["post-8530","post","type-post","status-publish","format-standard","has-post-thumbnail","hentry","category-destaque","category-embu-das-artes","category-noticias","category-taboao-da-serra"],"_links":{"self":[{"href":"https:\/\/folhadopirajucara.com.br\/index.php\/wp-json\/wp\/v2\/posts\/8530"}],"collection":[{"href":"https:\/\/folhadopirajucara.com.br\/index.php\/wp-json\/wp\/v2\/posts"}],"about":[{"href":"https:\/\/folhadopirajucara.com.br\/index.php\/wp-json\/wp\/v2\/types\/post"}],"author":[{"embeddable":true,"href":"https:\/\/folhadopirajucara.com.br\/index.php\/wp-json\/wp\/v2\/users\/3"}],"replies":[{"embeddable":true,"href":"https:\/\/folhadopirajucara.com.br\/index.php\/wp-json\/wp\/v2\/comments?post=8530"}],"version-history":[{"count":1,"href":"https:\/\/folhadopirajucara.com.br\/index.php\/wp-json\/wp\/v2\/posts\/8530\/revisions"}],"predecessor-version":[{"id":8532,"href":"https:\/\/folhadopirajucara.com.br\/index.php\/wp-json\/wp\/v2\/posts\/8530\/revisions\/8532"}],"wp:featuredmedia":[{"embeddable":true,"href":"https:\/\/folhadopirajucara.com.br\/index.php\/wp-json\/wp\/v2\/media\/8531"}],"wp:attachment":[{"href":"https:\/\/folhadopirajucara.com.br\/index.php\/wp-json\/wp\/v2\/media?parent=8530"}],"wp:term":[{"taxonomy":"category","embeddable":true,"href":"https:\/\/folhadopirajucara.com.br\/index.php\/wp-json\/wp\/v2\/categories?post=8530"},{"taxonomy":"post_tag","embeddable":true,"href":"https:\/\/folhadopirajucara.com.br\/index.php\/wp-json\/wp\/v2\/tags?post=8530"}],"curies":[{"name":"wp","href":"https:\/\/api.w.org\/{rel}","templated":true}]}}