{"id":8597,"date":"2024-12-23T21:06:42","date_gmt":"2024-12-24T00:06:42","guid":{"rendered":"https:\/\/folhadopirajucara.com.br\/?p=8597"},"modified":"2024-12-27T21:07:51","modified_gmt":"2024-12-28T00:07:51","slug":"itapecerica-da-serra-ganha-clinica-animal-para-atendimento-veterinario","status":"publish","type":"post","link":"https:\/\/folhadopirajucara.com.br\/index.php\/2024\/12\/23\/itapecerica-da-serra-ganha-clinica-animal-para-atendimento-veterinario\/","title":{"rendered":"Itapecerica da Serra ganha Cl\u00ednica Animal para atendimento veterin\u00e1rio"},"content":{"rendered":"<p>A Prefeitura de Itapecerica da Serra, atrav\u00e9s da Secretaria de Planejamento e Meio Ambiente, inaugurou nesta quinta-feira (19 de dezembro) o espa\u00e7o que abrigar\u00e1 a Cl\u00ednica Animal do munic\u00edpio.<\/p>\n<p>\u201c\u00c9 a primeira cl\u00ednica veterin\u00e1ria p\u00fablica do munic\u00edpio; mesmo em meio a tanta dificuldade com a arrecada\u00e7\u00e3o e outros repasses n\u00f3s conseguimos, em um pr\u00e9dio pr\u00f3prio, inaugurar essa que \u00e9 uma conquista para os animais e seus tutores \u201d, disse o prefeito Dr. Francisco Nakano.<\/p>\n<p>O local para atendimento veterin\u00e1rio de qualidade, que conta com infraestrutura completa, foi instalado dentro do Parque Ecol\u00f3gico da Represinha, localizado na Estrada da Represinha, N\u00ba 1305, Jardim Sampaio. A Cl\u00ednica possui duas salas de Atendimento M\u00e9dico Veterin\u00e1rio, Sala de Raios-X e Exames de Imagem, Sala de Pr\u00e9-Cirurgia e Cirurgia, Farm\u00e1cia e Recep\u00e7\u00e3o.<\/p>\n<p>\u201cHoje n\u00f3s celebramos aqui a realiza\u00e7\u00e3o de um sonho. Inauguramos porque n\u00e3o deixamos de sonhar em um s\u00f3 momento, n\u00f3s acreditamos na cidade e acreditamos que esse sonho era poss\u00edvel para poder atender esses animais em nosso munic\u00edpio. Ent\u00e3o fica aqui essa realiza\u00e7\u00e3o, esse legado que deixamos para a cidade de Itapecerica da Serra\u201d, contou o secret\u00e1rio da pasta, Diego Silva.<\/p>\n<p>O atendimento ser\u00e1 iniciado em 2025 e ser\u00e1 gratuito para as fam\u00edlias inscritas em projetos sociais atrav\u00e9s do Cadastro \u00danico. Para os demais atendimentos ser\u00e1 cobrada uma taxa m\u00ednima segundo a Secretaria de Planejamento e Meio Ambiente, j\u00e1 que o servi\u00e7o ser\u00e1 terceirizado e contratado atrav\u00e9s de concorr\u00eancia p\u00fablica.<\/p>\n<p>Ainda segundo o secret\u00e1rio, Diego Silva, a cl\u00ednica est\u00e1 pronta para atender tantos os animais dom\u00e9sticos, quanto os silvestres.\u00a0O projeto prev\u00ea tamb\u00e9m um aplicativo, onde o cidad\u00e3o ter\u00e1 acesso a diversos servi\u00e7os sobre o tema, inclusive para marcar consultas na Cl\u00ednica Animal. Mais informa\u00e7\u00f5es podem ser obtidas com a Secretaria de Planejamento e Meio Ambiente no (11) 4668-9257.<\/p>\n<p>O evento de inaugura\u00e7\u00e3o contou ainda com as presen\u00e7as dos secret\u00e1rios Irlanio Brito (Servi\u00e7os Urbanos), Tiemi Nakano (Desenvolvimento Social e Rela\u00e7\u00f5es do Trabalho), Bianca Castro (Cultura) e Elias Sim\u00f5es (Defesa Civil); al\u00e9m do vereador eleito, Mauro Cavalheiro e de toda equipe da pasta respons\u00e1vel pelo projeto.<\/p>\n<p>\u201cEste \u00e9 um projeto que era um sonho antigo de nossa cidade que gra\u00e7as ao trabalho incans\u00e1vel dos respons\u00e1veis agora \u00e9 realidade\u201d, disse Cavalheiro.<\/p>\n<p>&nbsp;<\/p>\n<p>*fonte: Secom PMIS<\/p>\n","protected":false},"excerpt":{"rendered":"<p>A Prefeitura de Itapecerica da Serra, atrav\u00e9s da Secretaria de Planejamento e Meio Ambiente, inaugurou nesta quinta-feira (19 de dezembro)<\/p>\n","protected":false},"author":3,"featured_media":8598,"comment_status":"open","ping_status":"open","sticky":false,"template":"","format":"standard","meta":{"footnotes":""},"categories":[1,16,4],"tags":[],"class_list":["post-8597","post","type-post","status-publish","format-standard","has-post-thumbnail","hentry","category-destaque","category-itapecerica-da-serra","category-noticias"],"_links":{"self":[{"href":"https:\/\/folhadopirajucara.com.br\/index.php\/wp-json\/wp\/v2\/posts\/8597"}],"collection":[{"href":"https:\/\/folhadopirajucara.com.br\/index.php\/wp-json\/wp\/v2\/posts"}],"about":[{"href":"https:\/\/folhadopirajucara.com.br\/index.php\/wp-json\/wp\/v2\/types\/post"}],"author":[{"embeddable":true,"href":"https:\/\/folhadopirajucara.com.br\/index.php\/wp-json\/wp\/v2\/users\/3"}],"replies":[{"embeddable":true,"href":"https:\/\/folhadopirajucara.com.br\/index.php\/wp-json\/wp\/v2\/comments?post=8597"}],"version-history":[{"count":1,"href":"https:\/\/folhadopirajucara.com.br\/index.php\/wp-json\/wp\/v2\/posts\/8597\/revisions"}],"predecessor-version":[{"id":8599,"href":"https:\/\/folhadopirajucara.com.br\/index.php\/wp-json\/wp\/v2\/posts\/8597\/revisions\/8599"}],"wp:featuredmedia":[{"embeddable":true,"href":"https:\/\/folhadopirajucara.com.br\/index.php\/wp-json\/wp\/v2\/media\/8598"}],"wp:attachment":[{"href":"https:\/\/folhadopirajucara.com.br\/index.php\/wp-json\/wp\/v2\/media?parent=8597"}],"wp:term":[{"taxonomy":"category","embeddable":true,"href":"https:\/\/folhadopirajucara.com.br\/index.php\/wp-json\/wp\/v2\/categories?post=8597"},{"taxonomy":"post_tag","embeddable":true,"href":"https:\/\/folhadopirajucara.com.br\/index.php\/wp-json\/wp\/v2\/tags?post=8597"}],"curies":[{"name":"wp","href":"https:\/\/api.w.org\/{rel}","templated":true}]}}