{"id":8729,"date":"2025-01-31T10:50:31","date_gmt":"2025-01-31T13:50:31","guid":{"rendered":"https:\/\/folhadopirajucara.com.br\/?p=8729"},"modified":"2025-01-31T10:50:31","modified_gmt":"2025-01-31T13:50:31","slug":"unifecaf-lanca-novos-cursos-semipresenciais-a-partir-de-2025","status":"publish","type":"post","link":"https:\/\/folhadopirajucara.com.br\/index.php\/2025\/01\/31\/unifecaf-lanca-novos-cursos-semipresenciais-a-partir-de-2025\/","title":{"rendered":"UniFECAF lan\u00e7a novos cursos semipresenciais a partir de 2025"},"content":{"rendered":"<p>A UniFECAF oficializa o lan\u00e7amento de cursos semipresenciais para 2025, ampliando sua oferta acad\u00eamica com uma proposta que combina aulas online e presenciais. A iniciativa visa atender \u00e0s demandas de flexibilidade dos estudantes, permitindo maior autonomia no aprendizado, sem perder o contato presencial nas disciplinas pr\u00e1ticas.<\/p>\n<p>O Centro Universit\u00e1rio UniFECAF, localizado em Tabo\u00e3o da Serra, ampliou sua atua\u00e7\u00e3o no mercado educacional ao lan\u00e7ar cursos na modalidade semipresencial. A institui\u00e7\u00e3o, que j\u00e1 oferece op\u00e7\u00f5es de ensino superior presencial e a dist\u00e2ncia (EAD), est\u00e1 investindo na diversifica\u00e7\u00e3o de formatos de ensino para atender \u00e0s demandas atuais.<\/p>\n<p>O ensino a dist\u00e2ncia apresentou crescimento significativo desde a pandemia de 2020, impulsionado pela flexibilidade que oferece aos estudantes. Nos \u00faltimos meses, no entanto, o modelo semipresencial tem ganhado destaque ao combinar elementos do EAD com momentos presenciais. Essa modalidade busca unir a flexibilidade do ensino remoto com a intera\u00e7\u00e3o presencial, permitindo debates, esclarecimento de d\u00favidas e maior proximidade com a infraestrutura das institui\u00e7\u00f5es.<\/p>\n<p>A UniFECAF, com base em pesquisas realizadas sobre o perfil de seus alunos e potenciais estudantes, decidiu estruturar os cursos semipresenciais. A iniciativa tamb\u00e9m reflete a estrat\u00e9gia da institui\u00e7\u00e3o de captar novos alunos e se adaptar \u00e0s novas demandas educacionais.<\/p>\n<p>\u201cA proposta \u00e9 atrair mais alunos para a institui\u00e7\u00e3o, mostrar que \u00e9 poss\u00edvel conciliar o ensino a dist\u00e2ncia com a pr\u00e1tica presencial e, ao mesmo tempo, incentivar que mais estudantes conhe\u00e7am os espa\u00e7os da UniFECAF\u201d, destaca Marcel Gama, CEO da institui\u00e7\u00e3o.<\/p>\n<p>Inicialmente, as aulas presenciais dos cursos semipresenciais ocorrer\u00e3o exclusivamente na sede da UniFECAF. O plano, no entanto, \u00e9 expandir essa estrutura para os mais de 600 polos que a institui\u00e7\u00e3o possui em todo o Brasil. As aulas presenciais ser\u00e3o semanais, com dura\u00e7\u00e3o aproximada de tr\u00eas horas. Elas combinam atividades expositivas e pr\u00e1ticas, de acordo com o Minist\u00e9rio da educa\u00e7\u00e3o (MEC) e as diretrizes curriculares nacionais (DCN).<\/p>\n<p>De acordo com dados da Associa\u00e7\u00e3o Brasileira de Ensino a Dist\u00e2ncia (ABED), a modalidade semipresencial desponta como uma das grandes tend\u00eancias para 2025. A proje\u00e7\u00e3o aponta um crescimento expressivo de 350% no n\u00famero de matr\u00edculas, consolidando o formato como uma escolha estrat\u00e9gica para quem busca flexibilidade aliada \u00e0 intera\u00e7\u00e3o presencial.<\/p>\n<p>A institui\u00e7\u00e3o tamb\u00e9m conta com laborat\u00f3rios e espa\u00e7os acad\u00eamicos projetados para atender \u00e0s necessidades tanto do mercado de trabalho quanto das diretrizes estabelecidas pelo Minist\u00e9rio da Educa\u00e7\u00e3o (MEC). A utiliza\u00e7\u00e3o desses espa\u00e7os foi planejada para melhorar os recursos dispon\u00edveis e manter a din\u00e2mica das atividades no campus.<\/p>\n<p>Com essa nova modalidade, a UniFECAF refor\u00e7a seu compromisso com a oferta de diferentes formatos de ensino e com a amplia\u00e7\u00e3o do acesso ao ensino superior.<\/p>\n<p><strong>Servi\u00e7o<\/strong><\/p>\n<p>Onde: Centro Universit\u00e1rio UniFECAF<br \/>\nSite:\u00a0<a href=\"https:\/\/www.unifecaf.com.br\/\">https:\/\/www.unifecaf.com.br\/<\/a><br \/>\nLinkedin:\u00a0<a href=\"https:\/\/www.linkedin.com\/school\/unifecaf\/\">https:\/\/www.linkedin.com\/school\/unifecaf\/<\/a><\/p>\n<p>&nbsp;<\/p>\n<p>*por: Viviane Sousa Lhacer \/ *foto: divulga\u00e7\u00e3o<\/p>\n","protected":false},"excerpt":{"rendered":"<p>A UniFECAF oficializa o lan\u00e7amento de cursos semipresenciais para 2025, ampliando sua oferta acad\u00eamica com uma proposta que combina aulas<\/p>\n","protected":false},"author":3,"featured_media":8730,"comment_status":"open","ping_status":"open","sticky":false,"template":"","format":"standard","meta":{"footnotes":""},"categories":[1,4,10],"tags":[],"class_list":["post-8729","post","type-post","status-publish","format-standard","has-post-thumbnail","hentry","category-destaque","category-noticias","category-taboao-da-serra"],"_links":{"self":[{"href":"https:\/\/folhadopirajucara.com.br\/index.php\/wp-json\/wp\/v2\/posts\/8729"}],"collection":[{"href":"https:\/\/folhadopirajucara.com.br\/index.php\/wp-json\/wp\/v2\/posts"}],"about":[{"href":"https:\/\/folhadopirajucara.com.br\/index.php\/wp-json\/wp\/v2\/types\/post"}],"author":[{"embeddable":true,"href":"https:\/\/folhadopirajucara.com.br\/index.php\/wp-json\/wp\/v2\/users\/3"}],"replies":[{"embeddable":true,"href":"https:\/\/folhadopirajucara.com.br\/index.php\/wp-json\/wp\/v2\/comments?post=8729"}],"version-history":[{"count":1,"href":"https:\/\/folhadopirajucara.com.br\/index.php\/wp-json\/wp\/v2\/posts\/8729\/revisions"}],"predecessor-version":[{"id":8731,"href":"https:\/\/folhadopirajucara.com.br\/index.php\/wp-json\/wp\/v2\/posts\/8729\/revisions\/8731"}],"wp:featuredmedia":[{"embeddable":true,"href":"https:\/\/folhadopirajucara.com.br\/index.php\/wp-json\/wp\/v2\/media\/8730"}],"wp:attachment":[{"href":"https:\/\/folhadopirajucara.com.br\/index.php\/wp-json\/wp\/v2\/media?parent=8729"}],"wp:term":[{"taxonomy":"category","embeddable":true,"href":"https:\/\/folhadopirajucara.com.br\/index.php\/wp-json\/wp\/v2\/categories?post=8729"},{"taxonomy":"post_tag","embeddable":true,"href":"https:\/\/folhadopirajucara.com.br\/index.php\/wp-json\/wp\/v2\/tags?post=8729"}],"curies":[{"name":"wp","href":"https:\/\/api.w.org\/{rel}","templated":true}]}}