{"id":8732,"date":"2025-01-31T11:13:25","date_gmt":"2025-01-31T14:13:25","guid":{"rendered":"https:\/\/folhadopirajucara.com.br\/?p=8732"},"modified":"2025-01-31T11:13:25","modified_gmt":"2025-01-31T14:13:25","slug":"hanseniase-discriminacao-e-principal-obstaculo-para-controle-da-doenca-diz-especialista","status":"publish","type":"post","link":"https:\/\/folhadopirajucara.com.br\/index.php\/2025\/01\/31\/hanseniase-discriminacao-e-principal-obstaculo-para-controle-da-doenca-diz-especialista\/","title":{"rendered":"Hansen\u00edase: discrimina\u00e7\u00e3o \u00e9 principal obst\u00e1culo para controle da doen\u00e7a, diz especialista"},"content":{"rendered":"<blockquote>\n<h2 style=\"text-align: center;\"><strong><em>O tratamento, feito com antibi\u00f3ticos e quimioter\u00e1picos, leva de seis a 12 meses e \u00e9 importante que n\u00e3o seja interrompido<\/em><\/strong><\/h2>\n<\/blockquote>\n<p>&nbsp;<\/p>\n<p>O Brasil \u00e9 o segundo pa\u00eds com maior registro de novos casos de hansen\u00edase por ano, com uma taxa de 10,68 casos por 100 mil habitantes, de acordo com o Minist\u00e9rio da Sa\u00fade, sendo considerado um alto \u00edndice end\u00eamico. Embora a doen\u00e7a tenha cura, a discrimina\u00e7\u00e3o contra os pacientes ainda \u00e9 um dos fatores que dificultam seu enfrentamento, segundo a dermatologista do Seconci-SP (Servi\u00e7o Social da Constru\u00e7\u00e3o), Marli Manini.<\/p>\n<p>&#8220;O maior problema \u00e9 o estigma. As pessoas escondem a doen\u00e7a at\u00e9 dos familiares, ent\u00e3o fica mais dif\u00edcil o controle&#8221;, conta Manini. A dermatologista explica que a doen\u00e7a pode ficar incubada por at\u00e9 cinco anos e a transmiss\u00e3o ocorre quando aparecem os sintomas. O tempo de incuba\u00e7\u00e3o dificulta a detec\u00e7\u00e3o da origem da infec\u00e7\u00e3o.<\/p>\n<p>A hansen\u00edase \u00e9 uma doen\u00e7a causada pela bact\u00e9ria\u00a0<em>Mycobacterium leprae<\/em>\u00a0e \u00e9 transmitida por vias a\u00e9reas. Os primeiros sintomas s\u00e3o manchas sem pelos e falta de sensibilidade na pele. &#8220;A maior parte da popula\u00e7\u00e3o j\u00e1 nasce resistente \u00e0 doen\u00e7a e s\u00f3 algumas pessoas que entram em contato com doentes sem tratamento adoecem&#8221;, diz a dermatologista. Manini explica que, ap\u00f3s a incuba\u00e7\u00e3o, as les\u00f5es variam de acordo com a resist\u00eancia do organismo do paciente, apresentando diferentes formas, contagiosas ou n\u00e3o.<\/p>\n<p>Quando n\u00e3o tratada, a hansen\u00edase afeta os nervos perif\u00e9ricos; al\u00e9m da perda de sensibilidade, causa retra\u00e7\u00e3o dos dedos das m\u00e3os e incapacidade f\u00edsica nos casos mais graves.<\/p>\n<p>A hansen\u00edase tem cura e o tratamento com antibi\u00f3ticos e quimioter\u00e1picos leva de seis a 12 meses. &#8220;O tratamento completo \u00e9 importante para que haja a cura, pois o abandono pode levar a uma resist\u00eancia aos medicamentos&#8221;, completa Manini.<\/p>\n<p>&nbsp;<\/p>\n<p style=\"text-align: center;\"><strong>Sobre o Seconci-SP<\/strong><\/p>\n<p>O Servi\u00e7o Social da Constru\u00e7\u00e3o Civil do Estado de S\u00e3o Paulo (Seconci-SP) \u00e9 uma entidade filantr\u00f3pica, sem fins lucrativos, criada em 1964 com o objetivo de oferecer assist\u00eancia \u00e0 sa\u00fade para trabalhadores da constru\u00e7\u00e3o civil e seus familiares. Com sede em S\u00e3o Paulo, a institui\u00e7\u00e3o mant\u00e9m Unidades Ambulatoriais em diversas cidades do estado, realizando mais de 2 milh\u00f5es de atendimentos anuais em servi\u00e7os m\u00e9dicos, odontol\u00f3gicos, exames complementares e de apoio. Al\u00e9m disso, h\u00e1 mais de 25 anos, o Seconci-SP presta assessoria a empresas de diversos setores na gest\u00e3o de Sa\u00fade e Seguran\u00e7a do Trabalho (SST), com\u00a0equipe t\u00e9cnica especializada.<\/p>\n<p>O Seconci-SP tamb\u00e9m se destaca pela sua experi\u00eancia na gest\u00e3o de sa\u00fade p\u00fablica. Em 1998, foi convidado a integrar a primeira gera\u00e7\u00e3o de Organiza\u00e7\u00f5es Sociais de Sa\u00fade (OSS) do Brasil e, desde ent\u00e3o, gerencia diversos equipamentos p\u00fablicos de sa\u00fade, incluindo\u00a0sete hospitais, nove Ambulat\u00f3rios M\u00e9dicos de Especialidades (AMEs),\u00a0o\u00a0Servi\u00e7o de Reabilita\u00e7\u00e3o Lucy Montoro Taubat\u00e9,\u00a0o\u00a0Servi\u00e7o Estadual de Diagn\u00f3stico por Imagem (Sedi II) e\u00a0o\u00a0Centro Estadual de Armazenamento e Distribui\u00e7\u00e3o de Insumos de Sa\u00fade (Ceadis).<\/p>\n<p>Desde 2008, o Seconci-SP \u00e9 respons\u00e1vel pela gest\u00e3o dos territ\u00f3rios Penha e Ermelino Matarazzo, na cidade de S\u00e3o Paulo, abrangendo 53 equipamentos de sa\u00fade e mais de 70 servi\u00e7os.<\/p>\n<p>&nbsp;<\/p>\n<p>*por:\u00a0<span class=\"qu\" tabindex=\"-1\" role=\"gridcell\" translate=\"no\"><span class=\"gD\" data-hovercard-id=\"sistemas@pr.comuniquese1.com.br\" data-hovercard-owner-id=\"21\">J\u00e9ssica Roccella (Ag\u00eancia VFR)<\/span><\/span><\/p>\n","protected":false},"excerpt":{"rendered":"<p>O tratamento, feito com antibi\u00f3ticos e quimioter\u00e1picos, leva de seis a 12 meses e \u00e9 importante que n\u00e3o seja interrompido<\/p>\n","protected":false},"author":3,"featured_media":8733,"comment_status":"open","ping_status":"open","sticky":false,"template":"","format":"standard","meta":{"footnotes":""},"categories":[74,1,4],"tags":[],"class_list":["post-8732","post","type-post","status-publish","format-standard","has-post-thumbnail","hentry","category-beija-flor","category-destaque","category-noticias"],"_links":{"self":[{"href":"https:\/\/folhadopirajucara.com.br\/index.php\/wp-json\/wp\/v2\/posts\/8732"}],"collection":[{"href":"https:\/\/folhadopirajucara.com.br\/index.php\/wp-json\/wp\/v2\/posts"}],"about":[{"href":"https:\/\/folhadopirajucara.com.br\/index.php\/wp-json\/wp\/v2\/types\/post"}],"author":[{"embeddable":true,"href":"https:\/\/folhadopirajucara.com.br\/index.php\/wp-json\/wp\/v2\/users\/3"}],"replies":[{"embeddable":true,"href":"https:\/\/folhadopirajucara.com.br\/index.php\/wp-json\/wp\/v2\/comments?post=8732"}],"version-history":[{"count":1,"href":"https:\/\/folhadopirajucara.com.br\/index.php\/wp-json\/wp\/v2\/posts\/8732\/revisions"}],"predecessor-version":[{"id":8734,"href":"https:\/\/folhadopirajucara.com.br\/index.php\/wp-json\/wp\/v2\/posts\/8732\/revisions\/8734"}],"wp:featuredmedia":[{"embeddable":true,"href":"https:\/\/folhadopirajucara.com.br\/index.php\/wp-json\/wp\/v2\/media\/8733"}],"wp:attachment":[{"href":"https:\/\/folhadopirajucara.com.br\/index.php\/wp-json\/wp\/v2\/media?parent=8732"}],"wp:term":[{"taxonomy":"category","embeddable":true,"href":"https:\/\/folhadopirajucara.com.br\/index.php\/wp-json\/wp\/v2\/categories?post=8732"},{"taxonomy":"post_tag","embeddable":true,"href":"https:\/\/folhadopirajucara.com.br\/index.php\/wp-json\/wp\/v2\/tags?post=8732"}],"curies":[{"name":"wp","href":"https:\/\/api.w.org\/{rel}","templated":true}]}}