{"id":8737,"date":"2025-01-31T12:21:42","date_gmt":"2025-01-31T15:21:42","guid":{"rendered":"https:\/\/folhadopirajucara.com.br\/?p=8737"},"modified":"2025-01-31T12:21:42","modified_gmt":"2025-01-31T15:21:42","slug":"celulares-proibidos-nas-escolas-saiba-o-que-muda-na-volta-as-aulas","status":"publish","type":"post","link":"https:\/\/folhadopirajucara.com.br\/index.php\/2025\/01\/31\/celulares-proibidos-nas-escolas-saiba-o-que-muda-na-volta-as-aulas\/","title":{"rendered":"Celulares proibidos nas escolas: saiba o que muda na volta \u00e0s aulas"},"content":{"rendered":"<p>Entre segunda-feira 27\/01 e a 1\u00aa semana de fevereiro, a maior parte das escolas p\u00fablicas e particulares no Brasil iniciar\u00e1 o ano letivo de 2025. No caso das institui\u00e7\u00f5es que ainda permitiam o uso do celular em sala de aula, ser\u00e1 o in\u00edcio de uma &#8220;nova era&#8221;: os aparelhos ser\u00e3o vetados, inclusive nos intervalos.<\/p>\n<p>Sancionada pelo presidente\u00a0<a href=\"https:\/\/g1.globo.com\/politica\/politico\/lula\/\">Lula<\/a>\u00a0em 15\/01, a lei que estabelece essa proibi\u00e7\u00e3o abarca todas as turmas de educa\u00e7\u00e3o b\u00e1sica (ou seja, educa\u00e7\u00e3o infantil, ensino fundamental e ensino m\u00e9dio).<\/p>\n<p>Confira os detalhes abaixo:<\/p>\n<p>&nbsp;<\/p>\n<p><strong>Em que momentos os celulares n\u00e3o poder\u00e3o ser usados?<\/strong><\/p>\n<p>De acordo com a lei, o uso de celulares ser\u00e1<strong>\u00a0proibido durante as aulas, recreios, intervalos e atividades extracurriculares.<\/strong><\/p>\n<p>Em algumas escolas e redes de ensino, por decis\u00f5es locais, essa limita\u00e7\u00e3o j\u00e1 estava valendo em 2024.<\/p>\n<p>&nbsp;<\/p>\n<p><strong>Existem exce\u00e7\u00f5es?<\/strong><\/p>\n<p>Sim. A nova lei at\u00e9 permite que estudantes portem celulares nas escolas, desde que o uso fique\u00a0<strong>restrito a situa\u00e7\u00f5es excepcionais,<\/strong>\u00a0como emerg\u00eancias e necessidades de sa\u00fade. A utiliza\u00e7\u00e3o dos aparelhos tamb\u00e9m \u00e9 aceita quando est\u00e1 relacionada:<\/p>\n<ul>\n<li>a\u00a0<strong>fins pedag\u00f3gicos ou did\u00e1ticos<\/strong>, conforme orienta\u00e7\u00e3o do professor;<\/li>\n<li>\u00e0<strong>\u00a0inclus\u00e3o<\/strong>\u00a0e \u00e0 acessibilidade de estudantes com defici\u00eancia;<\/li>\n<li>ao atendimento a\u00a0<strong>condi\u00e7\u00f5es de sa\u00fade<\/strong>\u00a0e garantia de direitos fundamentais.<\/li>\n<\/ul>\n<p>&nbsp;<\/p>\n<p><strong>Qual \u00e9 a justificativa para a lei?<\/strong><\/p>\n<ul>\n<li>O relator do projeto no Senado, Alessandro Vieira (MDB-SE), destacou estudos do Programa Internacional de Avalia\u00e7\u00e3o de Estudantes (PISA), que indicam os impactos negativos do uso excessivo de smartphones. Segundo o relat\u00f3rio de 2022,\u00a0<strong>alunos que passaram mais de cinco horas di\u00e1rias conectados obtiveram, em m\u00e9dia, 49 pontos a menos em matem\u00e1tica do que aqueles que utilizam os dispositivos por at\u00e9 uma hora.<\/strong><\/li>\n<li>No Brasil, 80% dos estudantes relataram distra\u00e7\u00f5es durante as aulas, bem acima da m\u00e9dia de outros pa\u00edses, como Jap\u00e3o (18%) e Coreia do Sul (32%).<\/li>\n<li>Al\u00e9m disso, Vieira apontou que o\u00a0<strong>consumo excessivo de redes sociais est\u00e1 associado a transtornos de ansiedade, depress\u00e3o e outros problemas de sa\u00fade mental entre jovens.<\/strong><\/li>\n<\/ul>\n<p><strong>\u00a0<\/strong><\/p>\n<p><strong>\u00a0<\/strong><strong>Como ser\u00e1 feita a fiscaliza\u00e7\u00e3o? Onde os celulares ficar\u00e3o guardados?<\/strong><\/p>\n<p><strong>\u00a0<\/strong><\/p>\n<ul>\n<li>O ministro Camilo Santana explicou que\u00a0<strong>detalhes operacionais, como o local de armazenamento dos celulares (mochilas, caixas ou \u00e1reas espec\u00edficas), depender\u00e3o da estrutura e da decis\u00e3o de cada escola.<\/strong><\/li>\n<li>As consequ\u00eancias para os alunos que n\u00e3o seguirem a regra tamb\u00e9m dever\u00e3o ser definidas pelas pr\u00f3prias institui\u00e7\u00f5es de ensino.<\/li>\n<li>Santana destacou que a ideia principal \u00e9 permitir o uso apenas para fins pedag\u00f3gicos, evitando o uso individual fora das disciplinas escolares.<\/li>\n<\/ul>\n<p>&nbsp;<\/p>\n<p>*fonte: g1.globo.com \/ *foto: www.bhbit.com.br<\/p>\n","protected":false},"excerpt":{"rendered":"<p>Entre segunda-feira 27\/01 e a 1\u00aa semana de fevereiro, a maior parte das escolas p\u00fablicas e particulares no Brasil iniciar\u00e1<\/p>\n","protected":false},"author":3,"featured_media":8738,"comment_status":"open","ping_status":"open","sticky":false,"template":"","format":"standard","meta":{"footnotes":""},"categories":[1],"tags":[],"class_list":["post-8737","post","type-post","status-publish","format-standard","has-post-thumbnail","hentry","category-destaque"],"_links":{"self":[{"href":"https:\/\/folhadopirajucara.com.br\/index.php\/wp-json\/wp\/v2\/posts\/8737"}],"collection":[{"href":"https:\/\/folhadopirajucara.com.br\/index.php\/wp-json\/wp\/v2\/posts"}],"about":[{"href":"https:\/\/folhadopirajucara.com.br\/index.php\/wp-json\/wp\/v2\/types\/post"}],"author":[{"embeddable":true,"href":"https:\/\/folhadopirajucara.com.br\/index.php\/wp-json\/wp\/v2\/users\/3"}],"replies":[{"embeddable":true,"href":"https:\/\/folhadopirajucara.com.br\/index.php\/wp-json\/wp\/v2\/comments?post=8737"}],"version-history":[{"count":1,"href":"https:\/\/folhadopirajucara.com.br\/index.php\/wp-json\/wp\/v2\/posts\/8737\/revisions"}],"predecessor-version":[{"id":8739,"href":"https:\/\/folhadopirajucara.com.br\/index.php\/wp-json\/wp\/v2\/posts\/8737\/revisions\/8739"}],"wp:featuredmedia":[{"embeddable":true,"href":"https:\/\/folhadopirajucara.com.br\/index.php\/wp-json\/wp\/v2\/media\/8738"}],"wp:attachment":[{"href":"https:\/\/folhadopirajucara.com.br\/index.php\/wp-json\/wp\/v2\/media?parent=8737"}],"wp:term":[{"taxonomy":"category","embeddable":true,"href":"https:\/\/folhadopirajucara.com.br\/index.php\/wp-json\/wp\/v2\/categories?post=8737"},{"taxonomy":"post_tag","embeddable":true,"href":"https:\/\/folhadopirajucara.com.br\/index.php\/wp-json\/wp\/v2\/tags?post=8737"}],"curies":[{"name":"wp","href":"https:\/\/api.w.org\/{rel}","templated":true}]}}