{"id":8849,"date":"2025-02-18T12:41:06","date_gmt":"2025-02-18T15:41:06","guid":{"rendered":"https:\/\/folhadopirajucara.com.br\/?p=8849"},"modified":"2025-02-18T12:41:06","modified_gmt":"2025-02-18T15:41:06","slug":"desidratacao-no-calor-xixi-e-termometro-para-evitar-quadro-criancas-e-idosos-correm-maior-risco","status":"publish","type":"post","link":"https:\/\/folhadopirajucara.com.br\/index.php\/2025\/02\/18\/desidratacao-no-calor-xixi-e-termometro-para-evitar-quadro-criancas-e-idosos-correm-maior-risco\/","title":{"rendered":"Desidrata\u00e7\u00e3o no calor: xixi \u00e9 &#8216;term\u00f4metro&#8217; para evitar quadro; crian\u00e7as e idosos correm maior risco"},"content":{"rendered":"<div class=\"row content-head mc-column non-featured \">\n<div class=\"medium-centered subtitle\">\n<blockquote>\n<h3 class=\"content-head__subtitle\" style=\"text-align: center;\">Para adultos saud\u00e1veis, com n\u00edvel de consci\u00eancia normal, problema \u00e9 &#8216;clinicamente pouco relevante&#8217;, explicam m\u00e9dicos. Situa\u00e7\u00e3o mais preocupante acontece &#8216;nos extremos&#8217;: na inf\u00e2ncia, com beb\u00eas e crian\u00e7as que n\u00e3o pedir\u00e3o \u00e1gua, e na terceira idade, j\u00e1 que idosos sentem menos sede.<\/h3>\n<\/blockquote>\n<\/div>\n<\/div>\n<p>&nbsp;<\/p>\n<div id=\"chunk-d9fof\">\n<div class=\"mc-column content-text active-extra-styles \" data-block-type=\"unstyled\" data-block-weight=\"43\" data-block-id=\"3\">\n<p class=\" content-text__container \" data-track-category=\"Link no Texto\" data-track-links=\"\" data-mrf-recirculation=\"Mat\u00e9ria - Links no Texto\">&#8220;Precisa beber \u00e1gua, para n\u00e3o desidratar!&#8221;. Voc\u00ea j\u00e1 deve ter ouvido essa frase em dias de calor intenso, certo? Mas, afinal, como saber que o corpo est\u00e1 necessitando de mais l\u00edquido? O que acontece com o organismo no tal quadro de &#8220;desidrata\u00e7\u00e3o&#8221;?<\/p>\n<\/div>\n<\/div>\n<div class=\"wall protected-content\">\n<div id=\"chunk-ts9q\">\n<div class=\"mc-column content-text active-extra-styles \" data-block-type=\"unstyled\" data-block-weight=\"55\" data-block-id=\"5\">\n<p class=\" content-text__container \" data-track-category=\"Link no Texto\" data-track-links=\"\" data-mrf-recirculation=\"Mat\u00e9ria - Links no Texto\">\u27a1\ufe0fO principal &#8220;term\u00f4metro&#8221; \u00e9<strong>\u00a0a urina, que precisa estar clara\/l\u00edmpida<\/strong>\u00a0para indicar que a ingest\u00e3o de \u00e1gua est\u00e1 adequada. &#8220;Se a pessoa est\u00e1 demorando mais do que o habitual para sentir vontade de fazer xixi, tamb\u00e9m \u00e9 um sinal de que precisa beber mais l\u00edquido&#8221;, explica Christian Morinaga, gerente do pronto-atendimento do Hospital S\u00edrio-Liban\u00eas (SP).<\/p>\n<\/div>\n<\/div>\n<div id=\"chunk-fht4k\">\n<div class=\"mc-column content-text active-extra-styles \" data-block-type=\"unstyled\" data-block-weight=\"69\" data-block-id=\"6\">\n<p class=\" content-text__container \" data-track-category=\"Link no Texto\" data-track-links=\"\" data-mrf-recirculation=\"Mat\u00e9ria - Links no Texto\">\u27a1\ufe0fPor mais que a situa\u00e7\u00e3o pare\u00e7a assustadora,<strong>\u00a0\u00e9 muito dif\u00edcil que um adulto saud\u00e1vel, que n\u00e3o tome medicamentos (como antidiur\u00e9ticos ou reguladores de press\u00e3o arterial), chegue a desidratar.<\/strong>\u00a0&#8220;\u00c9 algo clinicamente pouco relevante&#8221;, afirma Carlos Eduardo Pompilio, m\u00e9dico do Hospital das Cl\u00ednicas (SP). A n\u00e3o ser que ele esteja em situa\u00e7\u00e3o de priva\u00e7\u00e3o de l\u00edquidos (como em um deserto), sentir\u00e1 sede, beber\u00e1 \u00e1gua e resolver\u00e1 o problema.<\/p>\n<\/div>\n<\/div>\n<div id=\"chunk-acgki\">\n<div class=\"mc-column content-text active-extra-styles \" data-block-type=\"unstyled\" data-block-weight=\"38\" data-block-id=\"9\">\n<p class=\" content-text__container \" data-track-category=\"Link no Texto\" data-track-links=\"\" data-mrf-recirculation=\"Mat\u00e9ria - Links no Texto\">\u27a1\ufe0f<strong>A preocupa\u00e7\u00e3o maior \u00e9 com os &#8220;extremos da idade&#8221;, diz o especialista: crian\u00e7as e idosos, que podem n\u00e3o manifestar a necessidade de ingerir l\u00edquidos.\u00a0<\/strong>S\u00e3o dois grupos que podem, sim, desenvolver quadros mais graves.\u00a0<em>Entenda mais abaixo.<\/em><\/p>\n<\/div>\n<\/div>\n<div id=\"chunk-3ckqc\">\n<div class=\"mc-column content-text active-extra-styles\" data-block-type=\"raw\" data-block-weight=\"8\" data-block-id=\"10\">\n<p class=\"content-text__container\" data-mrf-recirculation=\"Mat\u00e9ria - Links no Texto\">\n<div class=\"content-intertitle\">\n<h2>1- Quantos litros de \u00e1gua beber por dia?<\/h2>\n<\/div>\n<p>&nbsp;<\/p>\n<\/div>\n<\/div>\n<div id=\"chunk-5sdtq\">\n<div class=\"mc-column content-text active-extra-styles \" data-block-type=\"unstyled\" data-block-weight=\"42\" data-block-id=\"11\">\n<p class=\" content-text__container \" data-track-category=\"Link no Texto\" data-track-links=\"\" data-mrf-recirculation=\"Mat\u00e9ria - Links no Texto\">A\u00a0<a class=\"\" href=\"https:\/\/g1.globo.com\/saude\/noticia\/2023\/06\/29\/calculadora-da-agua-descubra-quanto-voce-deve-beber-por-dia-2-litros-nao-valem-para-todos.ghtml\" data-mrf-link=\"https:\/\/g1.globo.com\/saude\/noticia\/2023\/06\/29\/calculadora-da-agua-descubra-quanto-voce-deve-beber-por-dia-2-litros-nao-valem-para-todos.ghtml\">quantidade de \u00e1gua que cada adulto deve beber\u00a0<\/a>diariamente varia de acordo com seu peso e com os h\u00e1bitos de vida (como a intensidade das atividades f\u00edsicas praticadas). Em m\u00e9dia, s\u00e3o 2 litros (use a\u00a0<a class=\"\" href=\"https:\/\/g1.globo.com\/saude\/noticia\/2023\/06\/29\/calculadora-da-agua-descubra-quanto-voce-deve-beber-por-dia-2-litros-nao-valem-para-todos.ghtml\" data-mrf-link=\"https:\/\/g1.globo.com\/saude\/noticia\/2023\/06\/29\/calculadora-da-agua-descubra-quanto-voce-deve-beber-por-dia-2-litros-nao-valem-para-todos.ghtml\">calculadora do g1 para descobrir<\/a>).<\/p>\n<\/div>\n<\/div>\n<div id=\"chunk-23g3r\">\n<div class=\"mc-column content-text active-extra-styles \" data-block-type=\"unstyled\" data-block-weight=\"5\" data-block-id=\"12\">\n<p class=\" content-text__container \" data-track-category=\"Link no Texto\" data-track-links=\"\" data-mrf-recirculation=\"Mat\u00e9ria - Links no Texto\">\u00c9 preciso manter-se hidratado para:<\/p>\n<\/div>\n<\/div>\n<div id=\"chunk-ea3g6\">\n<div class=\"mc-column content-text active-extra-styles\" data-block-type=\"raw\" data-block-weight=\"31\" data-block-id=\"13\">\n<p class=\"content-text__container\" data-mrf-recirculation=\"Mat\u00e9ria - Links no Texto\">\n<ul class=\"content-unordered-list\">\n<li>regular a temperatura do corpo;<\/li>\n<li>melhorar a circula\u00e7\u00e3o sangu\u00ednea;<\/li>\n<li>proteger e abastecer as c\u00e9lulas;<\/li>\n<li>ajudar no metabolismo;<\/li>\n<li>hidratar a pele;<\/li>\n<li>melhorar o funcionamento do intestino e dos rins;<\/li>\n<li>desintoxicar o organismo.<\/li>\n<\/ul>\n<p>&nbsp;<\/p>\n<\/div>\n<\/div>\n<div id=\"chunk-7qaar\">\n<div class=\"content-ads content-ads--reveal\" data-block-type=\"ads\" data-block-id=\"14\">\n<div id=\"banner_materia__155bc1cd-474a-475c-a311-8ee35072d8ed\" class=\"tag-manager-publicidade-container mc-has-reveal mc-has-ad-lazyload tag-manager-publicidade-banner_materia__155bc1cd-474a-475c-a311-8ee35072d8ed tag-manager-publicidade-container--carregado tag-manager-publicidade-container--visivel\" data-id=\"banner_materia__155bc1cd-474a-475c-a311-8ee35072d8ed\" data-google-query-id=\"CLHNqdjEzYsDFbZJ3QIdaLUiCg\">\n<h2>2- Em adultos saud\u00e1veis, quais s\u00e3o os sintomas da desidrata\u00e7\u00e3o?<\/h2>\n<\/div>\n<\/div>\n<\/div>\n<\/div>\n<p>&nbsp;<\/p>\n<p>Como dito no in\u00edcio da reportagem, a principal manifesta\u00e7\u00e3o de falta de l\u00edquidos no organismo \u00e9 o\u00a0<strong>escurecimento da urina.<\/strong><\/p>\n<p>Caso, ainda assim, ela n\u00e3o aumente o consumo de l\u00edquidos, poder\u00e1 sentir mais sonol\u00eancia e at\u00e9 um aumento da frequ\u00eancia card\u00edaca, j\u00e1 que o calor provoca uma dilata\u00e7\u00e3o dos vasos sangu\u00edneos. &#8220;Isso leva a uma queda de press\u00e3o arterial, e o cora\u00e7\u00e3o tenta compensar [batendo mais rapidamente]&#8221;, diz Morinaga, do S\u00edrio-Liban\u00eas.<\/p>\n<p><span class=\"highlight highlighted\">O mais esperado, explicam os m\u00e9dicos ouvidos pelo\u00a0<\/span><strong><span class=\"highlight highlighted\">g1<\/span><\/strong><span class=\"highlight highlighted\">, \u00e9 que os adultos saud\u00e1veis percebam esses sinais, sintam sede, bebam \u00e1gua e resolvam o quadro de desidrata\u00e7\u00e3o leve.<\/span><\/p>\n<p>&nbsp;<\/p>\n<div id=\"chunk-8n79m\">\n<div class=\"mc-column content-text active-extra-styles \" data-block-type=\"unstyled\" data-block-weight=\"41\" data-block-id=\"23\">\n<p class=\" content-text__container \" data-track-category=\"Link no Texto\" data-track-links=\"\" data-mrf-recirculation=\"Mat\u00e9ria - Links no Texto\"><strong>O protocolo \u00e9 diferente para quem tem problemas card\u00edacos<\/strong>\u00a0(pode haver sobrecarga do cora\u00e7\u00e3o),\u00a0<strong>renais\u00a0<\/strong>(a capacidade de filtragem do \u00f3rg\u00e3o fica comprometida) e\u00a0<strong>pulmonares<\/strong>\u00a0(a oxigena\u00e7\u00e3o do sangue \u00e9 prejudicada). Nesses casos, \u00e9 preciso procurar orienta\u00e7\u00e3o de um especialista.<\/p>\n<\/div>\n<\/div>\n<div id=\"chunk-1pf6f\">\n<div class=\"mc-column content-text active-extra-styles \" data-block-type=\"unstyled\" data-block-weight=\"62\" data-block-id=\"24\">\n<p class=\" content-text__container \" data-track-category=\"Link no Texto\" data-track-links=\"\" data-mrf-recirculation=\"Mat\u00e9ria - Links no Texto\">\u27a1\ufe0fE aten\u00e7\u00e3o:\u00a0<strong>quando algu\u00e9m apresenta sintomas como diarreia ou v\u00f4mito (por intoxica\u00e7\u00e3o alimentar, por exemplo), pode haver perda n\u00e3o s\u00f3 de \u00e1gua, mas de eletr\u00f3litos (sais)<\/strong>. Bebidas isot\u00f4nicas (como aquelas ingeridas por atletas) ou soro caseiro podem ajudar a melhorar o quadro. Se o paciente n\u00e3o conseguir beber nada, dever\u00e1 ir ao pronto-socorro para, caso haja necessidade, receber uma hidrata\u00e7\u00e3o endovenosa.<\/p>\n<\/div>\n<\/div>\n<div id=\"chunk-8di19\">\n<div class=\"content-ads content-ads--reveal\" data-block-type=\"ads\" data-block-id=\"25\">\n<div id=\"banner_materia__1a392d89-3197-491e-9ea1-c6352cb1633a\" class=\"tag-manager-publicidade-container mc-has-reveal mc-has-ad-lazyload tag-manager-publicidade-banner_materia__1a392d89-3197-491e-9ea1-c6352cb1633a tag-manager-publicidade-container--carregado tag-manager-publicidade-container--visivel\" data-id=\"banner_materia__1a392d89-3197-491e-9ea1-c6352cb1633a\" data-google-query-id=\"CKbW0JrFzYsDFZI9uQYdUFI71w\">\n<div id=\"chunk-373hs\">\n<div class=\"mc-column content-text active-extra-styles\" data-block-type=\"raw\" data-block-weight=\"13\" data-block-id=\"26\">\n<div class=\"content-intertitle\">\n<h2>3- E em crian\u00e7as e idosos? Por que a desidrata\u00e7\u00e3o \u00e9 mais preocupante?<\/h2>\n<\/div>\n<p>&nbsp;<\/p>\n<\/div>\n<\/div>\n<div id=\"chunk-69l4k\">\n<div class=\"mc-column content-text active-extra-styles \" data-block-type=\"unstyled\" data-block-weight=\"36\" data-block-id=\"27\">\n<p class=\" content-text__container \" data-track-category=\"Link no Texto\" data-track-links=\"\" data-mrf-recirculation=\"Mat\u00e9ria - Links no Texto\"><img loading=\"lazy\" decoding=\"async\" class=\"size-medium wp-image-8850 alignleft\" src=\"https:\/\/folhadopirajucara.com.br\/wp-content\/uploads\/2025\/02\/Idosos-204x300.jpg\" alt=\"\" width=\"204\" height=\"300\" srcset=\"https:\/\/folhadopirajucara.com.br\/wp-content\/uploads\/2025\/02\/Idosos-204x300.jpg 204w, https:\/\/folhadopirajucara.com.br\/wp-content\/uploads\/2025\/02\/Idosos.jpg 650w\" sizes=\"(max-width: 204px) 100vw, 204px\" \/>O endocrinologista Ricardo Barroso, diretor da Sociedade Brasileira de Endocrinologia e Metabologia Regional S\u00e3o Paulo &#8211; SBEM-SP, explica por que a desidrata\u00e7\u00e3o \u00e9 mais preocupante entre crian\u00e7as e idosos. Veja o infogr\u00e1fico abaixo, com os sintomas:<\/p>\n<\/div>\n<\/div>\n<div id=\"chunk-1no14\">\n<div class=\"row medium-uncollapsed content-media content-photo\" data-block-type=\"backstage-photo\" data-block-id=\"28\">\n<div class=\" mc-column  content-media__container\">\n<div class=\"content-media-container glb-skeleton-box\">\ud83d\udc67<strong>Beb\u00eas e crian\u00e7as:\u00a0<\/strong>Eles podem n\u00e3o demonstrar sede &#8212; seja por ainda n\u00e3o falarem ou por estarem distra\u00eddos com as brincadeiras do dia a dia. Al\u00e9m disso, &#8220;esse grupo tem a superf\u00edcie corp\u00f3rea proporcionalmente maior que a dos adultos&#8221;, afirma Pompilio, do Hospital das Cl\u00ednicas. &#8220;Isso aumenta a facilidade de perder l\u00edquido.&#8221;<\/div>\n<div>\n<article>\n<div class=\"wall protected-content\">\n<div id=\"chunk-5gs68\">\n<div class=\"mc-column content-text active-extra-styles \" data-block-type=\"unstyled\" data-block-weight=\"45\" data-block-id=\"31\">\n<p class=\" content-text__container \" data-track-category=\"Link no Texto\" data-track-links=\"\" data-mrf-recirculation=\"Mat\u00e9ria - Links no Texto\"><strong>\ud83d\udc74Idosos:\u00a0<\/strong>&#8220;Os sinais corporais na terceira idade s\u00e3o mais falhos: os velhinhos n\u00e3o t\u00eam percep\u00e7\u00e3o de sede. Isso acontece por causa do\u00a0<span class=\"highlight highlighted\">sistema nervoso central, que perde o sensor de leitura de quando estamos hidratados<\/span><span class=\"highlight highlighted\"><em>.<\/em><\/span>Vamos perdendo essa sensibilidade com o tempo&#8221;, diz Barroso.<\/p>\n<\/div>\n<\/div>\n<div data-track-category=\"multicontent\" data-track-action=\"multicontent\" data-track-noninteraction=\"false\" data-track-scroll=\"ultimo chunk conteudo\" data-track-value=\"view\">\n<div id=\"chunk-9fcbq\">\n<div class=\"mc-column content-text active-extra-styles \" data-block-type=\"unstyled\" data-block-weight=\"55\" data-block-id=\"32\">\n<p class=\" content-text__container \" data-track-category=\"Link no Texto\" data-track-links=\"\" data-mrf-recirculation=\"Mat\u00e9ria - Links no Texto\">Por isso, \u00e9 importante que haja sempre algu\u00e9m monitorando a cor e a frequ\u00eancia da urina dos idosos. Os outros sintomas (como cansa\u00e7o e confus\u00e3o mental &#8211; veja o infogr\u00e1fico acima) demoram mais para aparecer. &#8220;S\u00e3o sinais tardios. Precisamos deixar sempre duas garrafas de \u00e1gua \u00e0 disposi\u00e7\u00e3o, para evitar a desidrata\u00e7\u00e3o&#8221;, explica o endocrinologista.<\/p>\n<\/div>\n<\/div>\n<\/div>\n<\/div>\n<\/article>\n<\/div>\n<\/div>\n<h6 class=\"mc-column entities\">(*) g1.com \/\/\u00a0(*) foto: Crian\u00e7a no Parque Villa-Lobos, em S\u00e3o Paulo, em 11 de novembro \u2014 cr\u00e9dito Aloisio Mauricio\/Fotoarena\/Estad\u00e3o Conte\u00fado<\/h6>\n<\/div>\n<\/div>\n<\/div>\n<\/div>\n<\/div>\n<div><\/div>\n<div class=\"content__signa-share mc-column\">\n<div class=\"content__signature\">\n<div class=\"content-publication-data\">\n<div class=\"content-publication-data__text\"><\/div>\n<\/div>\n<\/div>\n<\/div>\n","protected":false},"excerpt":{"rendered":"<p>Para adultos saud\u00e1veis, com n\u00edvel de consci\u00eancia normal, problema \u00e9 &#8216;clinicamente pouco relevante&#8217;, explicam m\u00e9dicos. Situa\u00e7\u00e3o mais preocupante acontece &#8216;nos<\/p>\n","protected":false},"author":3,"featured_media":8851,"comment_status":"open","ping_status":"open","sticky":false,"template":"","format":"standard","meta":{"footnotes":""},"categories":[1,4,9],"tags":[],"class_list":["post-8849","post","type-post","status-publish","format-standard","has-post-thumbnail","hentry","category-destaque","category-noticias","category-saude-pela-natureza"],"_links":{"self":[{"href":"https:\/\/folhadopirajucara.com.br\/index.php\/wp-json\/wp\/v2\/posts\/8849"}],"collection":[{"href":"https:\/\/folhadopirajucara.com.br\/index.php\/wp-json\/wp\/v2\/posts"}],"about":[{"href":"https:\/\/folhadopirajucara.com.br\/index.php\/wp-json\/wp\/v2\/types\/post"}],"author":[{"embeddable":true,"href":"https:\/\/folhadopirajucara.com.br\/index.php\/wp-json\/wp\/v2\/users\/3"}],"replies":[{"embeddable":true,"href":"https:\/\/folhadopirajucara.com.br\/index.php\/wp-json\/wp\/v2\/comments?post=8849"}],"version-history":[{"count":1,"href":"https:\/\/folhadopirajucara.com.br\/index.php\/wp-json\/wp\/v2\/posts\/8849\/revisions"}],"predecessor-version":[{"id":8852,"href":"https:\/\/folhadopirajucara.com.br\/index.php\/wp-json\/wp\/v2\/posts\/8849\/revisions\/8852"}],"wp:featuredmedia":[{"embeddable":true,"href":"https:\/\/folhadopirajucara.com.br\/index.php\/wp-json\/wp\/v2\/media\/8851"}],"wp:attachment":[{"href":"https:\/\/folhadopirajucara.com.br\/index.php\/wp-json\/wp\/v2\/media?parent=8849"}],"wp:term":[{"taxonomy":"category","embeddable":true,"href":"https:\/\/folhadopirajucara.com.br\/index.php\/wp-json\/wp\/v2\/categories?post=8849"},{"taxonomy":"post_tag","embeddable":true,"href":"https:\/\/folhadopirajucara.com.br\/index.php\/wp-json\/wp\/v2\/tags?post=8849"}],"curies":[{"name":"wp","href":"https:\/\/api.w.org\/{rel}","templated":true}]}}