{"id":8854,"date":"2025-02-18T13:02:34","date_gmt":"2025-02-18T16:02:34","guid":{"rendered":"https:\/\/folhadopirajucara.com.br\/?p=8854"},"modified":"2025-02-18T13:02:34","modified_gmt":"2025-02-18T16:02:34","slug":"embu-das-artes-completa-66-anos-sem-comemoracoes-oficiais-devido-a-decreto-municipal","status":"publish","type":"post","link":"https:\/\/folhadopirajucara.com.br\/index.php\/2025\/02\/18\/embu-das-artes-completa-66-anos-sem-comemoracoes-oficiais-devido-a-decreto-municipal\/","title":{"rendered":"Embu das Artes completa 66 anos sem comemora\u00e7\u00f5es oficiais devido a decreto municipal"},"content":{"rendered":"<article class=\"visualizador-noticia\">\n<p dir=\"ltr\">Nesta ter\u00e7a-feira 18\/02, Embu das Artes celebra 66 anos de emancipa\u00e7\u00e3o pol\u00edtico-administrativa. No entanto, diferentemente de anos anteriores, n\u00e3o haver\u00e1 festividades oficiais em raz\u00e3o das fortes chuvas que atingiram a cidade no final de janeiro e in\u00edcio de fevereiro.<\/p>\n<p dir=\"ltr\">O Prefeito Hugo Prado decretou a suspens\u00e3o das comemora\u00e7\u00f5es como forma de priorizar os esfor\u00e7os na recupera\u00e7\u00e3o dos estragos causados pelos temporais. As chuvas deixaram diversas \u00e1reas alagadas e causaram transtornos \u00e0 popula\u00e7\u00e3o, exigindo a\u00e7\u00f5es emergenciais da administra\u00e7\u00e3o municipal.<\/p>\n<p dir=\"ltr\">Mesmo sem eventos festivos, a data marca mais um ano da cidade conhecida nacionalmente por seu forte apelo cultural e tur\u00edstico, destacando-se como um dos principais polos de artesanato do pa\u00eds. Fundada em 18 de fevereiro de 1959, Embu das Artes preserva uma rica hist\u00f3ria e identidade, atraindo visitantes e fomentando a cultura local.<\/p>\n<p dir=\"ltr\">A Prefeitura segue com medidas para minimizar os impactos das chuvas e atender a popula\u00e7\u00e3o afetada. Apesar da aus\u00eancia de comemora\u00e7\u00f5es, a data refor\u00e7a a import\u00e2ncia do munic\u00edpio e sua trajet\u00f3ria ao longo dos anos.<\/p>\n<p>&nbsp;<\/p>\n<p>&nbsp;<\/p>\n<p class=\"text-muted\"><i>(*) Camila Joseph<\/i><\/p>\n<\/article>\n","protected":false},"excerpt":{"rendered":"<p>Nesta ter\u00e7a-feira 18\/02, Embu das Artes celebra 66 anos de emancipa\u00e7\u00e3o pol\u00edtico-administrativa. No entanto, diferentemente de anos anteriores, n\u00e3o haver\u00e1<\/p>\n","protected":false},"author":3,"featured_media":8855,"comment_status":"open","ping_status":"open","sticky":false,"template":"","format":"standard","meta":{"footnotes":""},"categories":[1,15,4],"tags":[],"class_list":["post-8854","post","type-post","status-publish","format-standard","has-post-thumbnail","hentry","category-destaque","category-embu-das-artes","category-noticias"],"_links":{"self":[{"href":"https:\/\/folhadopirajucara.com.br\/index.php\/wp-json\/wp\/v2\/posts\/8854"}],"collection":[{"href":"https:\/\/folhadopirajucara.com.br\/index.php\/wp-json\/wp\/v2\/posts"}],"about":[{"href":"https:\/\/folhadopirajucara.com.br\/index.php\/wp-json\/wp\/v2\/types\/post"}],"author":[{"embeddable":true,"href":"https:\/\/folhadopirajucara.com.br\/index.php\/wp-json\/wp\/v2\/users\/3"}],"replies":[{"embeddable":true,"href":"https:\/\/folhadopirajucara.com.br\/index.php\/wp-json\/wp\/v2\/comments?post=8854"}],"version-history":[{"count":1,"href":"https:\/\/folhadopirajucara.com.br\/index.php\/wp-json\/wp\/v2\/posts\/8854\/revisions"}],"predecessor-version":[{"id":8856,"href":"https:\/\/folhadopirajucara.com.br\/index.php\/wp-json\/wp\/v2\/posts\/8854\/revisions\/8856"}],"wp:featuredmedia":[{"embeddable":true,"href":"https:\/\/folhadopirajucara.com.br\/index.php\/wp-json\/wp\/v2\/media\/8855"}],"wp:attachment":[{"href":"https:\/\/folhadopirajucara.com.br\/index.php\/wp-json\/wp\/v2\/media?parent=8854"}],"wp:term":[{"taxonomy":"category","embeddable":true,"href":"https:\/\/folhadopirajucara.com.br\/index.php\/wp-json\/wp\/v2\/categories?post=8854"},{"taxonomy":"post_tag","embeddable":true,"href":"https:\/\/folhadopirajucara.com.br\/index.php\/wp-json\/wp\/v2\/tags?post=8854"}],"curies":[{"name":"wp","href":"https:\/\/api.w.org\/{rel}","templated":true}]}}