{"id":8988,"date":"2025-03-07T17:20:25","date_gmt":"2025-03-07T20:20:25","guid":{"rendered":"https:\/\/folhadopirajucara.com.br\/?p=8988"},"modified":"2025-03-08T17:21:35","modified_gmt":"2025-03-08T20:21:35","slug":"dia-internacional-da-mulher-conheca-cinco-mulheres-que-marcaram-a-historia-de-sao-paulo","status":"publish","type":"post","link":"https:\/\/folhadopirajucara.com.br\/index.php\/2025\/03\/07\/dia-internacional-da-mulher-conheca-cinco-mulheres-que-marcaram-a-historia-de-sao-paulo\/","title":{"rendered":"Dia Internacional da Mulher: conhe\u00e7a cinco mulheres que marcaram a hist\u00f3ria de S\u00e3o Paulo"},"content":{"rendered":"<blockquote>\n<p style=\"text-align: center;\"><strong><i>Todas elas est\u00e3o enterradas no cemit\u00e9rio da Consola\u00e7\u00e3o e podem ser visitados<\/i><\/strong><\/p>\n<\/blockquote>\n<p>O Dia Internacional da Mulher, celebrado neste s\u00e1bado (8), \u00e9 uma oportunidade para reconhecer o legado de mulheres que transformaram a sociedade e abriram caminhos para as futuras gera\u00e7\u00f5es. Em S\u00e3o Paulo, algumas dessas figuras not\u00e1veis est\u00e3o sepultadas no Cemit\u00e9rio da Consola\u00e7\u00e3o, um verdadeiro museu a c\u00e9u aberto, onde suas trajet\u00f3rias continuam inspirando e podem ser visitadas por um passeio guiado.<br \/>\nSeja na arte, na educa\u00e7\u00e3o, na filantropia ou na luta por direitos sociais, essas mulheres deixaram marcas profundas na hist\u00f3ria da cidade e do Brasil. Conhe\u00e7a cinco personalidades cujas contribui\u00e7\u00f5es ainda ecoam no presente.<\/p>\n<p style=\"text-align: center;\"><strong>Cinco mulheres que fizeram hist\u00f3ria<\/strong><\/p>\n<p>&nbsp;<\/p>\n<ol>\n<li><strong>Domitila de Castro (Marquesa de Santos) (1797-1867)<\/strong><\/li>\n<\/ol>\n<table class=\"m_2698477057480279561image\" width=\"212\" align=\"center\">\n<tbody>\n<tr>\n<td><img decoding=\"async\" class=\"CToWUd\" src=\"https:\/\/ci3.googleusercontent.com\/meips\/ADKq_NaBSnQVi0EbVRm_BM-WyT7NGF5gma11fsJ0TCxuOXRN3uAFjjE0mzsDQkfKRu1SUb6lTCY4FHiUmTvRb4HHxGG-lHDwe2xxbeYxVc-BOcNXWXZA7ShIVsR72034R5em9S12xEobXxVXVEYL4T961ajOfaG3NsDHbuz4mkfxPsqV91dmjKRzcRT1WrA8WsADAxdrGYQK8M6cXJVgc62MrQS2rZmorsVw56o=s0-d-e1-ft#https:\/\/s2503.pr-agencia.com\/61EmOxcjN5QzM602bj5CbpFWbnBUYyF2Y1pWYylGcmpTNyMzNyIjM0gTM6cGcq5CO1ADNzUjNwIjRyUiNwIzb0VXYGJTJ2IDMx8VL1ETLf9VLwITLfpjN\" alt=\"\" width=\"212\" data-bit=\"iit\" \/><\/p>\n<table border=\"0\" width=\"212\" cellspacing=\"0\" cellpadding=\"0\" align=\"center\">\n<tbody>\n<tr>\n<td width=\"212\">Foto divulga\u00e7\u00e3o<\/td>\n<\/tr>\n<\/tbody>\n<\/table>\n<\/td>\n<\/tr>\n<\/tbody>\n<\/table>\n<p>&nbsp;<\/p>\n<p>Figura central na corte brasileira durante o Primeiro Reinado, Domitila de Castro ficou conhecida por seu relacionamento com Dom Pedro I, mas sua import\u00e2ncia vai muito al\u00e9m. Ap\u00f3s o fim do romance, tornou-se uma grande benem\u00e9rita, dedicando-se a obras de caridade e ao desenvolvimento da cidade de S\u00e3o Paulo.<\/p>\n<p>&nbsp;<\/p>\n<ol>\n<li><strong>Tarsila do Amaral (1886-1973)<\/strong><\/li>\n<\/ol>\n<table class=\"m_2698477057480279561image\" width=\"312\" align=\"center\">\n<tbody>\n<tr>\n<td><img decoding=\"async\" class=\"CToWUd a6T\" tabindex=\"0\" src=\"https:\/\/ci3.googleusercontent.com\/meips\/ADKq_NY5zyjnK2FpNrXczCoDiUCAssNrgysYeC3IVQ1_oXYH0QH7P26uB2RMHP8kdH16T6FCJo3LV88VtnkAFXZQ8gjkJRZ27xUctH1fVr3VBItxCmtY3xObe_bRhu6BAOWUNvR9SEMJdRnnczrIeidFXk_y0UD-X6aR123rVTWa-ic3GCK_o3e7psETHoa5N1mOKRz8s78DFDzChJY4mn-J9q4Iafry_0WY-jB3WcbQ=s0-d-e1-ft#https:\/\/s2503.pr-agencia.com\/9==QNhpjZ1QzYwIjOt92YuwWah12ZAFmchNWdqFmcpBnZ6UjMzcjMyIDN4EjOn5GcuQTOzUDN4YTM1IjRyUSM1Izb0VXYGJTJ2IDMx8VL1ETLf9VLwITLfpTO\" alt=\"\" width=\"312\" data-bit=\"iit\" \/><\/p>\n<table border=\"0\" width=\"312\" cellspacing=\"0\" cellpadding=\"0\" align=\"center\">\n<tbody>\n<tr>\n<td width=\"312\">Foto divulga\u00e7\u00e3o<\/td>\n<\/tr>\n<\/tbody>\n<\/table>\n<\/td>\n<\/tr>\n<\/tbody>\n<\/table>\n<p>&nbsp;<\/p>\n<p>Um dos maiores nomes da arte brasileira e uma das precursoras do Modernismo no pa\u00eds. Autora da obra\u00a0<i>Abaporu<\/i>, Tarsila revolucionou a pintura ao incorporar cores e formas inspiradas na cultura nacional. Sua arte influenciou gera\u00e7\u00f5es e ajudou a consolidar o movimento modernista, colocando o Brasil no cen\u00e1rio internacional da arte.<\/p>\n<p>&nbsp;<\/p>\n<p>&nbsp;<\/p>\n<ol>\n<li><strong>Ol\u00edvia Guedes Penteado (1872-1934)<\/strong><\/li>\n<\/ol>\n<p>&nbsp;<\/p>\n<table class=\"m_2698477057480279561image\" width=\"279\" align=\"center\">\n<tbody>\n<tr>\n<td><img decoding=\"async\" class=\"CToWUd a6T\" tabindex=\"0\" src=\"https:\/\/ci3.googleusercontent.com\/meips\/ADKq_NZCYF0jtUVKMNGLv5L3xMMgw8-YHKB0pgAa4GBedGkLWdNzkndY5lb5ZGcA9bfObjNQNBg-rzc1nPvSeDc1G3H8byb7lnVxlibfSi1DezPawqAwofVJRUYoTHlzZ3J9Zb4bKRxtNOSFsmYFmtpc-mXHA1dClMrU8t6bMZRQVvQuji09uE5XFWu51tlKvE0HnGJ35R1hetPxB37P_3Q0_KHI2-ItIZTmLOXlTqGX=s0-d-e1-ft#https:\/\/s2503.pr-agencia.com\/1==QNhpzNihTZ2UjOt92YuwWah12ZAFmchNWdqFmcpBnZ6UjMzcjMyIDN4EjOn5GcuYDO0ETM3YDM1MjRyUCM1Mzb0VXYGJTJ2IDMx8VL1ETLf9VLwITLfpzM\" alt=\"\" width=\"279\" data-bit=\"iit\" \/><\/p>\n<table border=\"0\" width=\"279\" cellspacing=\"0\" cellpadding=\"0\" align=\"center\">\n<tbody>\n<tr>\n<td width=\"279\">\n<h5><sub>foto: divulga\u00e7\u00e3o \/ coloriza\u00e7\u00e3o: S\u00e3o Paulo Antiga<\/sub><\/h5>\n<\/td>\n<\/tr>\n<\/tbody>\n<\/table>\n<\/td>\n<\/tr>\n<\/tbody>\n<\/table>\n<p>&nbsp;<\/p>\n<p>Grande mecenas das artes e incentivadora do Modernismo, Ol\u00edvia foi uma das principais respons\u00e1veis por financiar e apoiar intelectuais e artistas que revolucionaram a cultura brasileira, como M\u00e1rio de Andrade, Oswald de Andrade, Anita Malfatti e Tarsila do Amaral. Sua atua\u00e7\u00e3o foi fundamental para a realiza\u00e7\u00e3o da Semana de Arte Moderna de 1922 e para a valoriza\u00e7\u00e3o da arte no pa\u00eds.<\/p>\n<p>&nbsp;<\/p>\n<p>&nbsp;<\/p>\n<ol>\n<li><strong>P\u00e9rola Byington (1879-1963)<\/strong><\/li>\n<\/ol>\n<p>&nbsp;<\/p>\n<table class=\"m_2698477057480279561image\" width=\"259\" align=\"center\">\n<tbody>\n<tr>\n<td><img decoding=\"async\" class=\"CToWUd a6T\" tabindex=\"0\" src=\"https:\/\/ci3.googleusercontent.com\/meips\/ADKq_NYjQy2D9u9awtZMtgyuFd-5pFBfujFj0IjXuK0DZ-a5Ey_TB9Vj5_VIm6gJOZSmPlHPJ1X8GRI2dlbITQoMvIKiUX2sLPVpAzSqmblIjv6fUt1Y4-Q7ApqH237shTVOZjESiNfgBKfJmXWpMEZB4XEW4Zti0eeZcAsa4fbT3UAY4mtA482amddKk2CDfVOMKcE1FBQdJLp423IBX4X6Xw_IVAzOEmUeoekUM9nm=s0-d-e1-ft#https:\/\/s2503.pr-agencia.com\/0==QNhpTMjRmM2EmOt92YuwWah12ZAFmchNWdqFmcpBnZ6UjMzcjMyIDN4EjOnBnaukDO4ITO4QjM1IjRyUiM1Izb0VXYGJTJ2IDMx8VL1ETLf9VLwITLfpzM\" alt=\"\" width=\"259\" data-bit=\"iit\" \/><\/p>\n<table border=\"0\" width=\"259\" cellspacing=\"0\" cellpadding=\"0\" align=\"center\">\n<tbody>\n<tr>\n<td width=\"259\">Foto reprodu\u00e7\u00e3o<\/td>\n<\/tr>\n<\/tbody>\n<\/table>\n<\/td>\n<\/tr>\n<\/tbody>\n<\/table>\n<p>&nbsp;<\/p>\n<p>Uma das pioneiras da assist\u00eancia social no Brasil, P\u00e9rola dedicou sua vida \u00e0 luta pela sa\u00fade p\u00fablica e pelos direitos das mulheres. Fundadora da Cruzada Pr\u00f3-Inf\u00e2ncia, atuou diretamente na cria\u00e7\u00e3o de postos de sa\u00fade voltados para m\u00e3es e crian\u00e7as e esteve \u00e0 frente de campanhas de vacina\u00e7\u00e3o e preven\u00e7\u00e3o de doen\u00e7as. Seu trabalho transformou o atendimento m\u00e9dico e assistencial no pa\u00eds.<\/p>\n<p>&nbsp;<\/p>\n<p>&nbsp;<\/p>\n<ol>\n<li><strong>An\u00e1lia Franco (1853-1919)<\/strong><\/li>\n<\/ol>\n<table class=\"m_2698477057480279561image\" width=\"295\" align=\"center\">\n<tbody>\n<tr>\n<td><img decoding=\"async\" class=\"CToWUd a6T\" tabindex=\"0\" src=\"https:\/\/ci3.googleusercontent.com\/meips\/ADKq_Nbbz0rsA332vUfZI-DPyzqIzzfv9qvPX2sksNlHM64yL6uvRLV2CTc4HB9FJFnKnFB3GQjL8GT_dAcC2jXLggetHaaS4N27czGO0CoctqRZCyAK0XLdZFAaJj04rFAT7mWlW4x8wqHXgysW1_5VqNxdzBuZ91Qce3trEAoWc1_0SesxWuZkROmTbvtZEvkcRJm7_gnhlrKtQrSLqYPKfPSExtQPBaqfW2rvf1zP=s0-d-e1-ft#https:\/\/s2503.pr-agencia.com\/0==QNhpDNldTNiVjOt92YuwWah12ZAFmchNWdqFmcpBnZ6UjMzcjMyIDN4EjOn5GcuQzN1ATMyUzMxQjRyUyMxQzb0VXYGJTJ2IDMx8VL1ETLf9VLwITLfpTM\" alt=\"\" width=\"295\" data-bit=\"iit\" \/><\/p>\n<table border=\"0\" width=\"295\" cellspacing=\"0\" cellpadding=\"0\" align=\"center\">\n<tbody>\n<tr>\n<td width=\"295\">Foto reprodu\u00e7\u00e3o<\/td>\n<\/tr>\n<\/tbody>\n<\/table>\n<\/td>\n<\/tr>\n<\/tbody>\n<\/table>\n<p>&nbsp;<\/p>\n<p>Educadora, jornalista e escritora, An\u00e1lia Franco foi uma defensora da educa\u00e7\u00e3o e dos direitos das mulheres. Fundou mais de 70 escolas e orfanatos pelo Brasil, sempre com um olhar especial para crian\u00e7as \u00f3rf\u00e3s e mulheres em situa\u00e7\u00e3o de vulnerabilidade. Sua pedagogia promovia o ensino acess\u00edvel e inclusivo, desafiando os padr\u00f5es da \u00e9poca e deixando um legado na educa\u00e7\u00e3o brasileira.<br \/>\nPara Francivaldo Gomes, mais conhecido como Pop\u00f3, mediador das visitas no cemit\u00e9rio da Consola\u00e7\u00e3o h\u00e1 mais de 20 anos, resgatar essas hist\u00f3rias \u00e9 uma forma de manter viva a mem\u00f3ria dessas mulheres. &#8220;Elas s\u00e3o grandes personalidades que ajudaram a moldar a hist\u00f3ria de S\u00e3o Paulo e do Brasil. Contar suas trajet\u00f3rias no local onde est\u00e3o sepultadas \u00e9 uma forma diferente e especial de homenage\u00e1-las e reconhecer sua import\u00e2ncia.&#8221;<\/p>\n<p style=\"text-align: center;\"><strong>Visita\u00e7\u00e3o mediada<\/strong><\/p>\n<p>Para quem deseja conhecer mais sobre estes e outros t\u00famulos hist\u00f3ricos, o Cemit\u00e9rio da Consola\u00e7\u00e3o oferece visitas mediadas:<\/p>\n<p><strong>Onde<\/strong>: Cemit\u00e9rio da Consola\u00e7\u00e3o (R. da Consola\u00e7\u00e3o, 1660 &#8211; Consola\u00e7\u00e3o, S\u00e3o Paulo).<\/p>\n<p><strong>Visitas guiadas<\/strong>: todas as\u00a0<strong>segundas-feiras, \u00e0s 14h<\/strong>, com media\u00e7\u00e3o de\u00a0<strong>Francivaldo Gomes (Pop\u00f3)<\/strong>, que h\u00e1 mais de 20 anos conduz esse passeio pelo cemit\u00e9rio. Os ingressos s\u00e3o gratuitos e podem ser retirados na plataforma\u00a0<a href=\"https:\/\/www.sympla.com.br\/produtor\/visitasguiadasconsolare\" target=\"_blank\" rel=\"noopener\" data-saferedirecturl=\"https:\/\/www.google.com\/url?q=https:\/\/www.sympla.com.br\/produtor\/visitasguiadasconsolare&amp;source=gmail&amp;ust=1741481170366000&amp;usg=AOvVaw0eN3cIDLWAjC4ZPp8NeMsY\"><u>Sympla<\/u><\/a>.<\/p>\n<p>&nbsp;<\/p>\n<p>&nbsp;<\/p>\n<p>(*) \u00c1gatha Alves \/ (*) fotos divulga\u00e7\u00e3o<\/p>\n","protected":false},"excerpt":{"rendered":"<p>Todas elas est\u00e3o enterradas no cemit\u00e9rio da Consola\u00e7\u00e3o e podem ser visitados O Dia Internacional da Mulher, celebrado neste s\u00e1bado<\/p>\n","protected":false},"author":3,"featured_media":8989,"comment_status":"open","ping_status":"open","sticky":false,"template":"","format":"standard","meta":{"footnotes":""},"categories":[1,4,5],"tags":[],"class_list":["post-8988","post","type-post","status-publish","format-standard","has-post-thumbnail","hentry","category-destaque","category-noticias","category-pauta-livre"],"_links":{"self":[{"href":"https:\/\/folhadopirajucara.com.br\/index.php\/wp-json\/wp\/v2\/posts\/8988"}],"collection":[{"href":"https:\/\/folhadopirajucara.com.br\/index.php\/wp-json\/wp\/v2\/posts"}],"about":[{"href":"https:\/\/folhadopirajucara.com.br\/index.php\/wp-json\/wp\/v2\/types\/post"}],"author":[{"embeddable":true,"href":"https:\/\/folhadopirajucara.com.br\/index.php\/wp-json\/wp\/v2\/users\/3"}],"replies":[{"embeddable":true,"href":"https:\/\/folhadopirajucara.com.br\/index.php\/wp-json\/wp\/v2\/comments?post=8988"}],"version-history":[{"count":1,"href":"https:\/\/folhadopirajucara.com.br\/index.php\/wp-json\/wp\/v2\/posts\/8988\/revisions"}],"predecessor-version":[{"id":8990,"href":"https:\/\/folhadopirajucara.com.br\/index.php\/wp-json\/wp\/v2\/posts\/8988\/revisions\/8990"}],"wp:featuredmedia":[{"embeddable":true,"href":"https:\/\/folhadopirajucara.com.br\/index.php\/wp-json\/wp\/v2\/media\/8989"}],"wp:attachment":[{"href":"https:\/\/folhadopirajucara.com.br\/index.php\/wp-json\/wp\/v2\/media?parent=8988"}],"wp:term":[{"taxonomy":"category","embeddable":true,"href":"https:\/\/folhadopirajucara.com.br\/index.php\/wp-json\/wp\/v2\/categories?post=8988"},{"taxonomy":"post_tag","embeddable":true,"href":"https:\/\/folhadopirajucara.com.br\/index.php\/wp-json\/wp\/v2\/tags?post=8988"}],"curies":[{"name":"wp","href":"https:\/\/api.w.org\/{rel}","templated":true}]}}