{"id":9291,"date":"2025-04-29T10:44:05","date_gmt":"2025-04-29T13:44:05","guid":{"rendered":"https:\/\/folhadopirajucara.com.br\/?p=9291"},"modified":"2025-04-29T10:45:02","modified_gmt":"2025-04-29T13:45:02","slug":"sebrae-sp-e-prefeitura-de-cotia-promovem-palestra-gratuita-voltada-a-profissionais-do-setor-de-turismo","status":"publish","type":"post","link":"https:\/\/folhadopirajucara.com.br\/index.php\/2025\/04\/29\/sebrae-sp-e-prefeitura-de-cotia-promovem-palestra-gratuita-voltada-a-profissionais-do-setor-de-turismo\/","title":{"rendered":"Sebrae-SP e Prefeitura de Cotia promovem palestra gratuita voltada a profissionais do setor de turismo"},"content":{"rendered":"<blockquote>\n<p style=\"text-align: center;\"><strong><i>A cidade possui 113 MEIs que desenvolvem atividades vinculadas ao setor<\/i><\/strong><\/p>\n<\/blockquote>\n<p>O escrit\u00f3rio regional do Sebrae-SP em Osasco, em parceria com a Prefeitura de Cotia, por meio da Secretaria de Turismo, e o Minist\u00e9rio do Turismo realiza no dia 7, \u00e0s 9h, a palestra gratuita \u201cCadastur \u2013 o que \u00e9 e como participar\u201d, no audit\u00f3rio da Secretaria de Educa\u00e7\u00e3o localizado na Rua Jorge Caixe, 306 A, 1\u00ba Andar, Cotia. Para participar \u00e9 necess\u00e1rio ter CNPJ (Cadastro Nacional de Pessoa Jur\u00eddica) e fazer a inscri\u00e7\u00e3o pelo\u00a0<a id=\"m_-7465960146311827120OWA627a4eb9-3274-4350-6839-7c871ba5b101\" title=\"https:\/\/forms.office.com\/pages\/responsepage.aspx?id=XLVgbXYlYE2uMxHfDqB5gxvovDGrboRPkrw3feqlR4pUM0dVVFBHN0NYUEZVS0ZVQUEzVFM3UFJTNy4u&amp;route=shorturl\" href=\"https:\/\/forms.office.com\/pages\/responsepage.aspx?id=XLVgbXYlYE2uMxHfDqB5gxvovDGrboRPkrw3feqlR4pUM0dVVFBHN0NYUEZVS0ZVQUEzVFM3UFJTNy4u&amp;route=shorturl\" target=\"_blank\" rel=\"noopener noreferrer\" data-saferedirecturl=\"https:\/\/www.google.com\/url?q=https:\/\/forms.office.com\/pages\/responsepage.aspx?id%3DXLVgbXYlYE2uMxHfDqB5gxvovDGrboRPkrw3feqlR4pUM0dVVFBHN0NYUEZVS0ZVQUEzVFM3UFJTNy4u%26route%3Dshorturl&amp;source=gmail&amp;ust=1746020509454000&amp;usg=AOvVaw1aaqYUfR_3PFELZ4IQsAro\">link<\/a>.<\/p>\n<p>Os participantes v\u00e3o conferir uma palestra sobre Cadastur (Cadastro de Prestadores de Servi\u00e7os Tur\u00edsticos), do Minist\u00e9rio do Turismo, que ir\u00e1 abordar a import\u00e2ncia e as vantagens de fazer parte do cadastro. A atividade ser\u00e1 ministrada pela consultora de neg\u00f3cios do Sebrae-SP, Camila Alice Gomes.<\/p>\n<p>Segundo dados do Portal do Empreendedor, a cidade de Cotia possui 113 microempreendedores individuais (MEIs) que desenvolvem atividades vinculadas ao setor de turismo como: campings, pens\u00f5es, ag\u00eancias de viagens, operadores tur\u00edsticos e mais.<\/p>\n<p>Turism\u00f3loga, especialista em planejamento e gest\u00e3o e mestre em ci\u00eancias ambientais, Camila define o Cadastur como um instrumento fundamental para a formaliza\u00e7\u00e3o e o crescimento sustent\u00e1vel dos empreendedores do segmento de turismo. \u201cAl\u00e9m de garantir conformidade legal, ele abre portas para acesso a cr\u00e9dito, participa\u00e7\u00e3o em editais e maior credibilidade perante clientes e parceiros. No evento, destacaremos como esse cadastro pode ser um diferencial competitivo, impulsionando neg\u00f3cios e fortalecendo a cadeia tur\u00edstica de Cotia. A capacita\u00e7\u00e3o \u00e9 o primeiro passo para transformar desafios em oportunidades&#8221;, destaca.<\/p>\n<p>S\u00e3o aptos a se inscrever no Cadastur sociedades empresariais, sociedades simples, empres\u00e1rios individuais e os servi\u00e7os sociais aut\u00f4nomos que prestam servi\u00e7os remunerados e que exercem atividades econ\u00f4micas relacionadas \u00e0 cadeia produtiva do turismo.<\/p>\n<p>&nbsp;<\/p>\n<p><b>Servi\u00e7o<\/b><\/p>\n<p>Palestra \u201cCadastur \u2013 o que \u00e9 e como participar\u201d<\/p>\n<p>Data e hor\u00e1rio: 7 de maio \u00e0s 9h<\/p>\n<p>Local: Audit\u00f3rio da Secretaria de Educa\u00e7\u00e3o de Cotia (Rua Jorge Caixe, 306 A, 1\u00ba Andar, Cotia)<\/p>\n<p>Inscri\u00e7\u00f5es no\u00a0<a id=\"m_-7465960146311827120OWA1ad085de-48af-e76d-b9eb-96340151cab2\" title=\"https:\/\/forms.office.com\/pages\/responsepage.aspx?id=XLVgbXYlYE2uMxHfDqB5gxvovDGrboRPkrw3feqlR4pUM0dVVFBHN0NYUEZVS0ZVQUEzVFM3UFJTNy4u&amp;route=shorturl\" href=\"https:\/\/forms.office.com\/pages\/responsepage.aspx?id=XLVgbXYlYE2uMxHfDqB5gxvovDGrboRPkrw3feqlR4pUM0dVVFBHN0NYUEZVS0ZVQUEzVFM3UFJTNy4u&amp;route=shorturl\" target=\"_blank\" rel=\"noopener noreferrer\" data-saferedirecturl=\"https:\/\/www.google.com\/url?q=https:\/\/forms.office.com\/pages\/responsepage.aspx?id%3DXLVgbXYlYE2uMxHfDqB5gxvovDGrboRPkrw3feqlR4pUM0dVVFBHN0NYUEZVS0ZVQUEzVFM3UFJTNy4u%26route%3Dshorturl&amp;source=gmail&amp;ust=1746020509454000&amp;usg=AOvVaw1aaqYUfR_3PFELZ4IQsAro\">link<\/a><\/p>\n<p>Gratuito<\/p>\n<p>&nbsp;<\/p>\n<p>&nbsp;<\/p>\n<h6>(*) Ariane Gomes (Assessoria de Imprensa \u00e1 servi\u00e7o SEBRAE SP)<\/h6>\n","protected":false},"excerpt":{"rendered":"<p>A cidade possui 113 MEIs que desenvolvem atividades vinculadas ao setor O escrit\u00f3rio regional do Sebrae-SP em Osasco, em parceria<\/p>\n","protected":false},"author":3,"featured_media":9292,"comment_status":"open","ping_status":"open","sticky":false,"template":"","format":"standard","meta":{"footnotes":""},"categories":[1,4,5],"tags":[],"class_list":["post-9291","post","type-post","status-publish","format-standard","has-post-thumbnail","hentry","category-destaque","category-noticias","category-pauta-livre"],"_links":{"self":[{"href":"https:\/\/folhadopirajucara.com.br\/index.php\/wp-json\/wp\/v2\/posts\/9291"}],"collection":[{"href":"https:\/\/folhadopirajucara.com.br\/index.php\/wp-json\/wp\/v2\/posts"}],"about":[{"href":"https:\/\/folhadopirajucara.com.br\/index.php\/wp-json\/wp\/v2\/types\/post"}],"author":[{"embeddable":true,"href":"https:\/\/folhadopirajucara.com.br\/index.php\/wp-json\/wp\/v2\/users\/3"}],"replies":[{"embeddable":true,"href":"https:\/\/folhadopirajucara.com.br\/index.php\/wp-json\/wp\/v2\/comments?post=9291"}],"version-history":[{"count":3,"href":"https:\/\/folhadopirajucara.com.br\/index.php\/wp-json\/wp\/v2\/posts\/9291\/revisions"}],"predecessor-version":[{"id":9295,"href":"https:\/\/folhadopirajucara.com.br\/index.php\/wp-json\/wp\/v2\/posts\/9291\/revisions\/9295"}],"wp:featuredmedia":[{"embeddable":true,"href":"https:\/\/folhadopirajucara.com.br\/index.php\/wp-json\/wp\/v2\/media\/9292"}],"wp:attachment":[{"href":"https:\/\/folhadopirajucara.com.br\/index.php\/wp-json\/wp\/v2\/media?parent=9291"}],"wp:term":[{"taxonomy":"category","embeddable":true,"href":"https:\/\/folhadopirajucara.com.br\/index.php\/wp-json\/wp\/v2\/categories?post=9291"},{"taxonomy":"post_tag","embeddable":true,"href":"https:\/\/folhadopirajucara.com.br\/index.php\/wp-json\/wp\/v2\/tags?post=9291"}],"curies":[{"name":"wp","href":"https:\/\/api.w.org\/{rel}","templated":true}]}}