{"id":9296,"date":"2025-04-29T10:51:20","date_gmt":"2025-04-29T13:51:20","guid":{"rendered":"https:\/\/folhadopirajucara.com.br\/?p=9296"},"modified":"2025-04-29T10:51:20","modified_gmt":"2025-04-29T13:51:20","slug":"escola-de-embu-das-artes-vai-adotar-modelo-civico-militar-no-segundo-semestre","status":"publish","type":"post","link":"https:\/\/folhadopirajucara.com.br\/index.php\/2025\/04\/29\/escola-de-embu-das-artes-vai-adotar-modelo-civico-militar-no-segundo-semestre\/","title":{"rendered":"Escola de Embu das Artes, vai adotar modelo c\u00edvico-militar no segundo semestre"},"content":{"rendered":"<div class=\"carousel-inner\">\n<div class=\"carousel-item  active  \">\n<div class=\"card\">\n<div class=\"card-body\">\n<blockquote>\n<h3 class=\"card-text\" style=\"text-align: center;\"><strong>A PEI Escola Estadual Doutor Eduardo Vaz em Embu das Artes \u00e9 a \u00fanica unidade entre Embu, Itapecerica da Serra e Tabo\u00e3o da Serra a aderir ao Programa das Escolas C\u00edvico-Militares (ECM)<\/strong><\/h3>\n<\/blockquote>\n<\/div>\n<\/div>\n<\/div>\n<\/div>\n<p>&nbsp;<\/p>\n<p>A PEI Escola Estadual Doutor Eduardo Vaz em Embu das Artes \u00e9 a \u00fanica unidade entre Embu, Itapecerica da Serra e Tabo\u00e3o da Serra a aderir ao Programa das Escolas C\u00edvico-Militares (ECM), conforme lista final publicada nesta ter\u00e7a-feira 29\/04 pela Secretaria da Educa\u00e7\u00e3o do Estado de S\u00e3o Paulo (Seduc-SP) no Di\u00e1rio Oficial. Ap\u00f3s tr\u00eas rodadas de consulta p\u00fablica, 100 escolas foram selecionadas para iniciar as atividades no segundo semestre, beneficiando cerca de 50 mil estudantes em todo o estado.<\/p>\n<p>O objetivo das consultas p\u00fablicas foi garantir a participa\u00e7\u00e3o da comunidade escolar e assegurar a transpar\u00eancia no processo de implanta\u00e7\u00e3o do novo modelo. Participaram da vota\u00e7\u00e3o pais, m\u00e3es ou respons\u00e1veis por alunos menores de 16 anos, estudantes a partir dessa idade, al\u00e9m de professores e demais funcion\u00e1rios da escola.<br \/>\nPara validar a ades\u00e3o, cada unidade precisava alcan\u00e7ar o qu\u00f3rum m\u00ednimo de 50% mais um dos votos e registrar o mesmo percentual de votos favor\u00e1veis. Cada participante p\u00f4de votar apenas uma vez, e nas escolas que passaram por mais de uma rodada de consulta, foram considerados apenas os votos de quem ainda n\u00e3o havia se manifestado.<\/p>\n<p>Ao todo, mais de 106 mil votos foram contabilizados, dos quais 87% foram favor\u00e1veis \u00e0 implanta\u00e7\u00e3o do modelo c\u00edvico-militar. Tr\u00eas escolas aprovaram a proposta com 100% dos votos v\u00e1lidos.<\/p>\n<p>As unidades que adotarem o programa seguir\u00e3o o Curr\u00edculo Paulista, definido pela Secretaria da Educa\u00e7\u00e3o. A Seduc-SP tamb\u00e9m ser\u00e1 respons\u00e1vel pela sele\u00e7\u00e3o dos monitores que atuar\u00e3o nas escolas. J\u00e1 a Secretaria da Seguran\u00e7a P\u00fablica apoiar\u00e1 o processo, emitindo declara\u00e7\u00f5es sobre o comportamento dos candidatos e informando a exist\u00eancia de processos criminais ou administrativos, conclu\u00eddos ou n\u00e3o.<\/p>\n<p>&nbsp;<\/p>\n<p>&nbsp;<\/p>\n<p class=\"text-muted\"><i>(*) Camila Joseph<\/i><\/p>\n","protected":false},"excerpt":{"rendered":"<p>A PEI Escola Estadual Doutor Eduardo Vaz em Embu das Artes \u00e9 a \u00fanica unidade entre Embu, Itapecerica da Serra<\/p>\n","protected":false},"author":3,"featured_media":9297,"comment_status":"open","ping_status":"open","sticky":false,"template":"","format":"standard","meta":{"footnotes":""},"categories":[1,15,4],"tags":[],"class_list":["post-9296","post","type-post","status-publish","format-standard","has-post-thumbnail","hentry","category-destaque","category-embu-das-artes","category-noticias"],"_links":{"self":[{"href":"https:\/\/folhadopirajucara.com.br\/index.php\/wp-json\/wp\/v2\/posts\/9296"}],"collection":[{"href":"https:\/\/folhadopirajucara.com.br\/index.php\/wp-json\/wp\/v2\/posts"}],"about":[{"href":"https:\/\/folhadopirajucara.com.br\/index.php\/wp-json\/wp\/v2\/types\/post"}],"author":[{"embeddable":true,"href":"https:\/\/folhadopirajucara.com.br\/index.php\/wp-json\/wp\/v2\/users\/3"}],"replies":[{"embeddable":true,"href":"https:\/\/folhadopirajucara.com.br\/index.php\/wp-json\/wp\/v2\/comments?post=9296"}],"version-history":[{"count":1,"href":"https:\/\/folhadopirajucara.com.br\/index.php\/wp-json\/wp\/v2\/posts\/9296\/revisions"}],"predecessor-version":[{"id":9298,"href":"https:\/\/folhadopirajucara.com.br\/index.php\/wp-json\/wp\/v2\/posts\/9296\/revisions\/9298"}],"wp:featuredmedia":[{"embeddable":true,"href":"https:\/\/folhadopirajucara.com.br\/index.php\/wp-json\/wp\/v2\/media\/9297"}],"wp:attachment":[{"href":"https:\/\/folhadopirajucara.com.br\/index.php\/wp-json\/wp\/v2\/media?parent=9296"}],"wp:term":[{"taxonomy":"category","embeddable":true,"href":"https:\/\/folhadopirajucara.com.br\/index.php\/wp-json\/wp\/v2\/categories?post=9296"},{"taxonomy":"post_tag","embeddable":true,"href":"https:\/\/folhadopirajucara.com.br\/index.php\/wp-json\/wp\/v2\/tags?post=9296"}],"curies":[{"name":"wp","href":"https:\/\/api.w.org\/{rel}","templated":true}]}}