{"id":9299,"date":"2025-04-29T10:59:05","date_gmt":"2025-04-29T13:59:05","guid":{"rendered":"https:\/\/folhadopirajucara.com.br\/?p=9299"},"modified":"2025-04-29T10:59:05","modified_gmt":"2025-04-29T13:59:05","slug":"estado-publica-desapropriacoes-para-extensao-da-linha-4-amarela-ate-taboao-da-serra","status":"publish","type":"post","link":"https:\/\/folhadopirajucara.com.br\/index.php\/2025\/04\/29\/estado-publica-desapropriacoes-para-extensao-da-linha-4-amarela-ate-taboao-da-serra\/","title":{"rendered":"Estado publica desapropria\u00e7\u00f5es para extens\u00e3o da Linha 4-Amarela at\u00e9 Tabo\u00e3o da Serra"},"content":{"rendered":"<p>O Governo do Estado de S\u00e3o Paulo oficializou nesta segunda-feira, 28\/04, a desapropria\u00e7\u00e3o de 29 im\u00f3veis na Zona Oeste da capital para viabilizar a extens\u00e3o da Linha 4-Amarela do Metr\u00f4 at\u00e9 Tabo\u00e3o da Serra. A medida foi publicada no Di\u00e1rio Oficial e integra o projeto que prev\u00ea a constru\u00e7\u00e3o das novas esta\u00e7\u00f5es Ch\u00e1cara do Jockey e Tabo\u00e3o da Serra.<\/p>\n<p><strong>\u203a\u00a0<a href=\"https:\/\/www.otaboanense.com.br\/wp-content\/uploads\/2025\/04\/linha4_desapropria_diariooficial.pdf\" target=\"_blank\" rel=\"noopener\">Veja o Di\u00e1rio Oficial com todas as desapropria\u00e7\u00f5es<\/a><\/strong>\u00a0[PDF]<\/p>\n<p>As desapropria\u00e7\u00f5es, que totalizam 12,4 mil metros quadrados, concentram-se principalmente na Avenida Professor Francisco Morato e nas ruas Os\u00edris Magalh\u00e3es de Almeida e Francisco Marson, nas proximidades do Parque Ch\u00e1cara do Jockey. A opera\u00e7\u00e3o ser\u00e1 conduzida pela concession\u00e1ria ViaQuatro, respons\u00e1vel pela Linha 4-Amarela.<\/p>\n<p>A nova esta\u00e7\u00e3o Ch\u00e1cara do Jockey ficar\u00e1 em frente ao parque de mesmo nome e, ap\u00f3s manifesta\u00e7\u00f5es da comunidade, o projeto executivo foi alterado para preservar a \u00e1rea verde. O novo m\u00e9todo construtivo, chamado Vala a C\u00e9u Aberto (VCA), substituiu o modelo anterior que previa escava\u00e7\u00f5es subterr\u00e2neas, ampliando a \u00e1rea necess\u00e1ria para desapropria\u00e7\u00e3o.<\/p>\n<p>Segundo o governo estadual, a extens\u00e3o da Linha 4-Amarela prev\u00ea 3,3 quil\u00f4metros adicionais de trilhos e deve beneficiar cerca de 110 mil passageiros por dia, com investimento estimado em R$ 3,4 bilh\u00f5es. O governador Tarc\u00edsio de Freitas reafirmou em evento realizado em Tabo\u00e3o da Serra, no in\u00edcio de abril, que as obras dever\u00e3o come\u00e7ar ainda em 2025, com conclus\u00e3o prevista para 2028.<\/p>\n<p>Essa \u00e9 a segunda etapa de desapropria\u00e7\u00f5es no \u00e2mbito da amplia\u00e7\u00e3o da Linha 4. Em 2024, a Secretaria de Parcerias e Investimentos j\u00e1 havia publicado um decreto para terrenos destinados \u00e0 futura Esta\u00e7\u00e3o Tabo\u00e3o da Serra e a po\u00e7os de ventila\u00e7\u00e3o e emerg\u00eancia.<\/p>\n<p>A extens\u00e3o representa uma conquista hist\u00f3rica para Tabo\u00e3o da Serra, que h\u00e1 anos reivindica integra\u00e7\u00e3o ao sistema metrovi\u00e1rio da capital.<\/p>\n<p>O governador Tarc\u00edsio de Freitas comemorou ao lado da popula\u00e7\u00e3o o in\u00edcio das obras. \u201cA partir dessa extens\u00e3o, os moradores de Tabo\u00e3o da Serra ter\u00e3o acesso a mais servi\u00e7os, al\u00e9m de educa\u00e7\u00e3o e sa\u00fade, porque ter\u00e3o um transporte de qualidade. O passo que demos hoje nasce do sonho de cada cidad\u00e3o daqui\u201d, declarou. \u201cA nossa rede est\u00e1 cada vez mais conectada. De fato, agora, o metr\u00f4 \u00e9 metropolitano porque vai sair de S\u00e3o Paulo e chegar a Tabo\u00e3o\u201d, concluiu.<\/p>\n<p><strong>Projeto<\/strong><\/p>\n<p>O ramal do metr\u00f4 ser\u00e1 ampliado em 3,3 km com duas novas esta\u00e7\u00f5es: Ch\u00e1cara do Jockey e Tabo\u00e3o da Serra, que atualmente se estende por 12,8 quil\u00f4metros, ligando a esta\u00e7\u00e3o Luz at\u00e9 a esta\u00e7\u00e3o Vila S\u00f4nia e 11 esta\u00e7\u00f5es, mas passar\u00e1 a contar com 16,1 km e 13 esta\u00e7\u00f5es, conectando a Esta\u00e7\u00e3o da Luz a Tabo\u00e3o da Serra em aproximadamente de 26 minutos.<\/p>\n<p>A esta\u00e7\u00e3o de Tabo\u00e3o da Serra ir\u00e1 funcionar na antiga concession\u00e1ria Sorana Sul, \u00e0s margens da avenida Apr\u00edgio Bezerra da Silva (antiga rodovia R\u00e9gis Bittencourt), ao lado do novo pr\u00e9dio da prefeitura de Tabo\u00e3o da Serra (onde funcionava a Niasi).<\/p>\n<p>O terreno de 30 mil m\u00b2 ir\u00e1 abrigar ainda um terminal de \u00f4nibus para receber passageiros de Embu das Artes, Itapecerica da Serra, Embu-Gua\u00e7u, Juquitiba e S\u00e3o Louren\u00e7o da Serra, al\u00e9m um biciclet\u00e1rio, \u00e1reas comerciais, salas t\u00e9cnicas e operacionais.<\/p>\n<p>&nbsp;<\/p>\n<h6>(*) foto: Divulga\u00e7\u00e3o ViaQuatro<\/h6>\n","protected":false},"excerpt":{"rendered":"<p>O Governo do Estado de S\u00e3o Paulo oficializou nesta segunda-feira, 28\/04, a desapropria\u00e7\u00e3o de 29 im\u00f3veis na Zona Oeste da<\/p>\n","protected":false},"author":3,"featured_media":9300,"comment_status":"open","ping_status":"open","sticky":false,"template":"","format":"standard","meta":{"footnotes":""},"categories":[1,4,10],"tags":[],"class_list":["post-9299","post","type-post","status-publish","format-standard","has-post-thumbnail","hentry","category-destaque","category-noticias","category-taboao-da-serra"],"_links":{"self":[{"href":"https:\/\/folhadopirajucara.com.br\/index.php\/wp-json\/wp\/v2\/posts\/9299"}],"collection":[{"href":"https:\/\/folhadopirajucara.com.br\/index.php\/wp-json\/wp\/v2\/posts"}],"about":[{"href":"https:\/\/folhadopirajucara.com.br\/index.php\/wp-json\/wp\/v2\/types\/post"}],"author":[{"embeddable":true,"href":"https:\/\/folhadopirajucara.com.br\/index.php\/wp-json\/wp\/v2\/users\/3"}],"replies":[{"embeddable":true,"href":"https:\/\/folhadopirajucara.com.br\/index.php\/wp-json\/wp\/v2\/comments?post=9299"}],"version-history":[{"count":1,"href":"https:\/\/folhadopirajucara.com.br\/index.php\/wp-json\/wp\/v2\/posts\/9299\/revisions"}],"predecessor-version":[{"id":9301,"href":"https:\/\/folhadopirajucara.com.br\/index.php\/wp-json\/wp\/v2\/posts\/9299\/revisions\/9301"}],"wp:featuredmedia":[{"embeddable":true,"href":"https:\/\/folhadopirajucara.com.br\/index.php\/wp-json\/wp\/v2\/media\/9300"}],"wp:attachment":[{"href":"https:\/\/folhadopirajucara.com.br\/index.php\/wp-json\/wp\/v2\/media?parent=9299"}],"wp:term":[{"taxonomy":"category","embeddable":true,"href":"https:\/\/folhadopirajucara.com.br\/index.php\/wp-json\/wp\/v2\/categories?post=9299"},{"taxonomy":"post_tag","embeddable":true,"href":"https:\/\/folhadopirajucara.com.br\/index.php\/wp-json\/wp\/v2\/tags?post=9299"}],"curies":[{"name":"wp","href":"https:\/\/api.w.org\/{rel}","templated":true}]}}