{"id":9302,"date":"2025-04-28T11:00:14","date_gmt":"2025-04-28T14:00:14","guid":{"rendered":"https:\/\/folhadopirajucara.com.br\/?p=9302"},"modified":"2025-04-29T11:01:19","modified_gmt":"2025-04-29T14:01:19","slug":"secretarios-de-itapecerica-da-serra-e-equipe-da-deputada-analice-fernandes-discutem-seguranca-viaria","status":"publish","type":"post","link":"https:\/\/folhadopirajucara.com.br\/index.php\/2025\/04\/28\/secretarios-de-itapecerica-da-serra-e-equipe-da-deputada-analice-fernandes-discutem-seguranca-viaria\/","title":{"rendered":"Secret\u00e1rios de Itapecerica da Serra e equipe da deputada Analice Fernandes discutem seguran\u00e7a vi\u00e1ria"},"content":{"rendered":"<p>Na manh\u00e3 desta quarta-feira, os secret\u00e1rios municipais de Itapecerica da Serra se reuniram com a chefe de gabinete da deputada Analice Fernandes, Alice Rainha, para debater a\u00e7\u00f5es de mobilidade e seguran\u00e7a nas vias administradas pelo DER (Departamento de Estradas de Rodagem).<\/p>\n<p>Participaram do encontro:\u00a0Adalberto Dias de Oliveira (Secretaria de Tr\u00e2nsito e Transporte), Fernando de Aguiar Andrade (Secretaria de Obras e Servi\u00e7os), Guilherme Ferreira Palmezano (Secretaria de Planejamento e Meio Ambiente), Alice Rainha, chefe de gabinete da deputada Analice Fernandes e Diego Ara\u00fajo, assessor jur\u00eddico da deputada.<\/p>\n<p>Tamb\u00e9m estiveram presentes representantes da Associa\u00e7\u00e3o Delfim Verde \u2014 Ant\u00f4nio Gomes (presidente), Regina Corsini e Pedro Corsini \u2014 que refor\u00e7aram reivindica\u00e7\u00f5es da comunidade local.<\/p>\n<p>Em pauta, a instala\u00e7\u00e3o de dispositivos de controle de velocidade e demais melhorias vi\u00e1rias para aumentar a seguran\u00e7a de motoristas e pedestres nas rodovias estaduais que cortam o munic\u00edpio. As propostas ser\u00e3o encaminhadas ao DER para an\u00e1lise e implementa\u00e7\u00e3o.<\/p>\n<p>&nbsp;<\/p>\n<h6>(*) O Taboanense<\/h6>\n","protected":false},"excerpt":{"rendered":"<p>Na manh\u00e3 desta quarta-feira, os secret\u00e1rios municipais de Itapecerica da Serra se reuniram com a chefe de gabinete da deputada<\/p>\n","protected":false},"author":3,"featured_media":9303,"comment_status":"open","ping_status":"open","sticky":false,"template":"","format":"standard","meta":{"footnotes":""},"categories":[1,16,4],"tags":[],"class_list":["post-9302","post","type-post","status-publish","format-standard","has-post-thumbnail","hentry","category-destaque","category-itapecerica-da-serra","category-noticias"],"_links":{"self":[{"href":"https:\/\/folhadopirajucara.com.br\/index.php\/wp-json\/wp\/v2\/posts\/9302"}],"collection":[{"href":"https:\/\/folhadopirajucara.com.br\/index.php\/wp-json\/wp\/v2\/posts"}],"about":[{"href":"https:\/\/folhadopirajucara.com.br\/index.php\/wp-json\/wp\/v2\/types\/post"}],"author":[{"embeddable":true,"href":"https:\/\/folhadopirajucara.com.br\/index.php\/wp-json\/wp\/v2\/users\/3"}],"replies":[{"embeddable":true,"href":"https:\/\/folhadopirajucara.com.br\/index.php\/wp-json\/wp\/v2\/comments?post=9302"}],"version-history":[{"count":1,"href":"https:\/\/folhadopirajucara.com.br\/index.php\/wp-json\/wp\/v2\/posts\/9302\/revisions"}],"predecessor-version":[{"id":9304,"href":"https:\/\/folhadopirajucara.com.br\/index.php\/wp-json\/wp\/v2\/posts\/9302\/revisions\/9304"}],"wp:featuredmedia":[{"embeddable":true,"href":"https:\/\/folhadopirajucara.com.br\/index.php\/wp-json\/wp\/v2\/media\/9303"}],"wp:attachment":[{"href":"https:\/\/folhadopirajucara.com.br\/index.php\/wp-json\/wp\/v2\/media?parent=9302"}],"wp:term":[{"taxonomy":"category","embeddable":true,"href":"https:\/\/folhadopirajucara.com.br\/index.php\/wp-json\/wp\/v2\/categories?post=9302"},{"taxonomy":"post_tag","embeddable":true,"href":"https:\/\/folhadopirajucara.com.br\/index.php\/wp-json\/wp\/v2\/tags?post=9302"}],"curies":[{"name":"wp","href":"https:\/\/api.w.org\/{rel}","templated":true}]}}