{"id":9321,"date":"2025-05-01T21:29:38","date_gmt":"2025-05-02T00:29:38","guid":{"rendered":"https:\/\/folhadopirajucara.com.br\/?p=9321"},"modified":"2025-05-02T21:30:41","modified_gmt":"2025-05-03T00:30:41","slug":"projeto-de-lei-garante-atendimento-prioritario-a-maes-e-pais-atipicos-em-taboao-da-serra","status":"publish","type":"post","link":"https:\/\/folhadopirajucara.com.br\/index.php\/2025\/05\/01\/projeto-de-lei-garante-atendimento-prioritario-a-maes-e-pais-atipicos-em-taboao-da-serra\/","title":{"rendered":"Projeto de Lei garante atendimento priorit\u00e1rio a m\u00e3es e pais at\u00edpicos em Tabo\u00e3o da Serra"},"content":{"rendered":"<p>A C\u00e2mara Municipal de Tabo\u00e3o da Serra aprovou na sess\u00e3o de ter\u00e7a-feira, dia 29, o Projeto de Lei n\u00ba 065\/2025, de autoria do vereador Dr. Ronaldo Onishi, que autoriza o Poder Executivo a implantar o atendimento priorit\u00e1rio a m\u00e3es e pais que cuidam de pessoas com Transtorno do Espectro Autista (TEA) e outras condi\u00e7\u00f5es neurodivergentes.<\/p>\n<p>A proposta tem como objetivo oferecer mais agilidade e acolhimento no atendimento dessas fam\u00edlias nos estabelecimentos p\u00fablicos e privados do munic\u00edpio, reconhecendo o esfor\u00e7o e os desafios enfrentados no cuidado cont\u00ednuo com filhos que possuem necessidades especiais permanentes.<\/p>\n<p>Conforme o texto da lei, os estabelecimentos dever\u00e3o incluir o s\u00edmbolo mundial de conscientiza\u00e7\u00e3o do autismo nas placas de atendimento priorit\u00e1rio.<\/p>\n<p>O vereador Dr. Ronaldo Onishi refor\u00e7ou que o projeto atende a uma demanda urgente da sociedade. \u201cA prioridade no atendimento ser\u00e1 fundamental para a tranquilidade e o conforto dos autistas e seus familiares. Mesmo quando est\u00e3o sozinhos, m\u00e3es e pais at\u00edpicos precisam ser atendidos rapidamente, pois seus filhos dependem de seus cuidados\u201d, diz.<\/p>\n<p>O projeto de lei vai para san\u00e7\u00e3o do prefeito, que dever\u00e1 promover a regulamenta\u00e7\u00e3o do funcionamento do atendimento priorit\u00e1rio.<\/p>\n<p>&nbsp;<\/p>\n<p>(*) Assessoria de Imprensa CMTS<\/p>\n","protected":false},"excerpt":{"rendered":"<p>A C\u00e2mara Municipal de Tabo\u00e3o da Serra aprovou na sess\u00e3o de ter\u00e7a-feira, dia 29, o Projeto de Lei n\u00ba 065\/2025,<\/p>\n","protected":false},"author":3,"featured_media":9322,"comment_status":"open","ping_status":"open","sticky":false,"template":"","format":"standard","meta":{"footnotes":""},"categories":[1,4,10],"tags":[],"class_list":["post-9321","post","type-post","status-publish","format-standard","has-post-thumbnail","hentry","category-destaque","category-noticias","category-taboao-da-serra"],"_links":{"self":[{"href":"https:\/\/folhadopirajucara.com.br\/index.php\/wp-json\/wp\/v2\/posts\/9321"}],"collection":[{"href":"https:\/\/folhadopirajucara.com.br\/index.php\/wp-json\/wp\/v2\/posts"}],"about":[{"href":"https:\/\/folhadopirajucara.com.br\/index.php\/wp-json\/wp\/v2\/types\/post"}],"author":[{"embeddable":true,"href":"https:\/\/folhadopirajucara.com.br\/index.php\/wp-json\/wp\/v2\/users\/3"}],"replies":[{"embeddable":true,"href":"https:\/\/folhadopirajucara.com.br\/index.php\/wp-json\/wp\/v2\/comments?post=9321"}],"version-history":[{"count":1,"href":"https:\/\/folhadopirajucara.com.br\/index.php\/wp-json\/wp\/v2\/posts\/9321\/revisions"}],"predecessor-version":[{"id":9323,"href":"https:\/\/folhadopirajucara.com.br\/index.php\/wp-json\/wp\/v2\/posts\/9321\/revisions\/9323"}],"wp:featuredmedia":[{"embeddable":true,"href":"https:\/\/folhadopirajucara.com.br\/index.php\/wp-json\/wp\/v2\/media\/9322"}],"wp:attachment":[{"href":"https:\/\/folhadopirajucara.com.br\/index.php\/wp-json\/wp\/v2\/media?parent=9321"}],"wp:term":[{"taxonomy":"category","embeddable":true,"href":"https:\/\/folhadopirajucara.com.br\/index.php\/wp-json\/wp\/v2\/categories?post=9321"},{"taxonomy":"post_tag","embeddable":true,"href":"https:\/\/folhadopirajucara.com.br\/index.php\/wp-json\/wp\/v2\/tags?post=9321"}],"curies":[{"name":"wp","href":"https:\/\/api.w.org\/{rel}","templated":true}]}}