{"id":9408,"date":"2025-05-24T21:24:05","date_gmt":"2025-05-25T00:24:05","guid":{"rendered":"https:\/\/folhadopirajucara.com.br\/?p=9408"},"modified":"2025-05-24T21:24:21","modified_gmt":"2025-05-25T00:24:21","slug":"9408","status":"publish","type":"post","link":"https:\/\/folhadopirajucara.com.br\/index.php\/2025\/05\/24\/9408\/","title":{"rendered":"Santa Sara Kali e seus devotos em Embu das Artes"},"content":{"rendered":"<p><img loading=\"lazy\" decoding=\"async\" class=\"size-medium wp-image-9410 alignleft\" src=\"https:\/\/folhadopirajucara.com.br\/wp-content\/uploads\/2025\/05\/IMG-20250524-WA0155-169x300.jpg\" alt=\"\" width=\"169\" height=\"300\" srcset=\"https:\/\/folhadopirajucara.com.br\/wp-content\/uploads\/2025\/05\/IMG-20250524-WA0155-169x300.jpg 169w, https:\/\/folhadopirajucara.com.br\/wp-content\/uploads\/2025\/05\/IMG-20250524-WA0155-576x1024.jpg 576w, https:\/\/folhadopirajucara.com.br\/wp-content\/uploads\/2025\/05\/IMG-20250524-WA0155.jpg 650w\" sizes=\"(max-width: 169px) 100vw, 169px\" \/>Segundo a sacerdotisa Sirlene Ferreira da Silva, da Casa de Ora\u00e7\u00f5es de Santa Sara Kali, em Embu das Artes, a data de 24 e 25\/05 j\u00e1 \u00e9 tradi\u00e7\u00e3o e tem a inten\u00e7\u00e3o tamb\u00e9m de quebrar preconceito sobre o povo cigano. De acordo com ela, as datas querem exaltar a cultura e tradi\u00e7\u00e3o cigana para que as pessoas tenham cada vez mais respeito pela hist\u00f3ria de um povo unido.<\/p>\n<p>De acordo com Sirlene, devotos em todo o mundo, e especialmente no Brasil, est\u00e3o festejando o dia de Santa Sara Kali, a padroeira do povo cigano, da maternidade, dos desesperados e dos que buscam sa\u00fade. O dia oficial de celebra\u00e7\u00e3o \u00e9 24 de maio, mas em alguns locais as festividades se estendem para o dia 25 de maio.<\/p>\n<p>Em Saintes Maries de la Mer, na Fran\u00e7a, onde a Santa foi enterrada, peregrinos se re\u00fanem para levar a imagem de Santa Sara at\u00e9 o mar. No Brasil, essa tradi\u00e7\u00e3o tamb\u00e9m \u00e9 replicada em algumas cidades.<\/p>\n<p>Muitos devotos participam de missas e rituais em igrejas e santu\u00e1rios dedicados \u00e0 Santa. Com muita m\u00fasica, dan\u00e7a, apresenta\u00e7\u00f5es art\u00edsticas, venda de artesanato e comidas t\u00edpicas, as festas ciganas s\u00e3o uma parte importante. Sirlene ressalta que a celebra\u00e7\u00e3o, reflete a riqueza cultural do povo. Os fi\u00e9is realizam ora\u00e7\u00f5es e rituais para pedir prote\u00e7\u00e3o, sa\u00fade, amor, prosperidade e outras b\u00ean\u00e7\u00e3os \u00e0 Santa Sara Kali.<\/p>\n<p>No Brasil, a devo\u00e7\u00e3o a Santa Sara Kali transcende as fronteiras do povo cigano, sendo reverenciada tamb\u00e9m por diversas linhas espiritualistas e da Umbanda. O dia 24 de maio tamb\u00e9m foi institu\u00eddo como o Dia Nacional do Cigano no Brasil, em homenagem ao povo romani e \u00e0 sua padroeira.<\/p>\n<p>Em Embu das Artes, a Casa de ora\u00e7\u00f5es de Santa Sara Kali, localizado no Jardim Santa Rita, recebe fieis da cidade e toda a regi\u00e3o, de todas as classes sociais e irmanados na F\u00e9 e Esperan\u00e7a.<\/p>\n<p>Sirlene, cultua Santa Sara Kali h\u00e1 mais de 20 anos e, a cerca de 9 anos foi consagrada como sacerdotisa para \u00e1 santinha do povo cigano. A sua madrinha espiritual Neusa Medeiros e o padrinho Jos\u00e9 do Carmo, ambos de Governador Valadares \u2013 MG, mantem constante troca de informa\u00e7\u00f5es e experi\u00eancias vivenciadas por eles.<\/p>\n<p>&nbsp;<\/p>\n<p style=\"text-align: center;\">Ora\u00e7\u00e3o a Santa Sara Kali<\/p>\n<p>&nbsp;<\/p>\n<p>\u201cTu Sara Kali que est\u00e1s no c\u00e9u, olhem para n\u00f3s teus filhos que estamos aqui na terra.<\/p>\n<p>Nos cubra com sua miseric\u00f3rdia e amor.<\/p>\n<p>Que o seu manto nos envolva a todos neste momento, tirando de n\u00f3s todas as tristezas, as doen\u00e7as, as invejas, as m\u00e1goas.<\/p>\n<p>Tu que sofreste em vida, sabe o que cada um de n\u00f3s est\u00e1 passando, nos d\u00ea for\u00e7a para superarmos todas as prova\u00e7\u00f5es e as dificuldades, que envolvidos por seu amor, sairemos ilesos de tudo isto.<\/p>\n<p>Tu minha m\u00e3e Sara nos conceda, sa\u00fade, felicidade, harmonia, prosperidade, amor, f\u00e9 e paz de esp\u00edrito.<\/p>\n<p>Segure em minha m\u00e3o, e como uma m\u00e3e bondosa que olha para uma crian\u00e7a, nos leve para os caminhos que devemos trilhar e nunca nos deixe cair, nos caminhos que nos levar\u00e1 para longe de ti.<\/p>\n<p>Santa Sara, que eu seja digno do seu amor e de sua prote\u00e7\u00e3o, aben\u00e7oe minha vida, a de minha fam\u00edlia, a de meus amigos e de meus inimigos, para que assim ele possa se distanciar de mim, e n\u00e3o mais me direcionar nenhum mal.<\/p>\n<p>Permita que eu beije suas m\u00e3os e o seu cora\u00e7\u00e3o, que eu seja seu filho aben\u00e7oado para todo o sempre.<\/p>\n<p>Am\u00e9m!\u201d<\/p>\n","protected":false},"excerpt":{"rendered":"<p>Segundo a sacerdotisa Sirlene Ferreira da Silva, da Casa de Ora\u00e7\u00f5es de Santa Sara Kali, em Embu das Artes, a<\/p>\n","protected":false},"author":3,"featured_media":9409,"comment_status":"open","ping_status":"open","sticky":false,"template":"","format":"standard","meta":{"footnotes":""},"categories":[1,15,4],"tags":[],"class_list":["post-9408","post","type-post","status-publish","format-standard","has-post-thumbnail","hentry","category-destaque","category-embu-das-artes","category-noticias"],"_links":{"self":[{"href":"https:\/\/folhadopirajucara.com.br\/index.php\/wp-json\/wp\/v2\/posts\/9408"}],"collection":[{"href":"https:\/\/folhadopirajucara.com.br\/index.php\/wp-json\/wp\/v2\/posts"}],"about":[{"href":"https:\/\/folhadopirajucara.com.br\/index.php\/wp-json\/wp\/v2\/types\/post"}],"author":[{"embeddable":true,"href":"https:\/\/folhadopirajucara.com.br\/index.php\/wp-json\/wp\/v2\/users\/3"}],"replies":[{"embeddable":true,"href":"https:\/\/folhadopirajucara.com.br\/index.php\/wp-json\/wp\/v2\/comments?post=9408"}],"version-history":[{"count":2,"href":"https:\/\/folhadopirajucara.com.br\/index.php\/wp-json\/wp\/v2\/posts\/9408\/revisions"}],"predecessor-version":[{"id":9412,"href":"https:\/\/folhadopirajucara.com.br\/index.php\/wp-json\/wp\/v2\/posts\/9408\/revisions\/9412"}],"wp:featuredmedia":[{"embeddable":true,"href":"https:\/\/folhadopirajucara.com.br\/index.php\/wp-json\/wp\/v2\/media\/9409"}],"wp:attachment":[{"href":"https:\/\/folhadopirajucara.com.br\/index.php\/wp-json\/wp\/v2\/media?parent=9408"}],"wp:term":[{"taxonomy":"category","embeddable":true,"href":"https:\/\/folhadopirajucara.com.br\/index.php\/wp-json\/wp\/v2\/categories?post=9408"},{"taxonomy":"post_tag","embeddable":true,"href":"https:\/\/folhadopirajucara.com.br\/index.php\/wp-json\/wp\/v2\/tags?post=9408"}],"curies":[{"name":"wp","href":"https:\/\/api.w.org\/{rel}","templated":true}]}}