{"id":9443,"date":"2025-05-29T16:10:46","date_gmt":"2025-05-29T19:10:46","guid":{"rendered":"https:\/\/folhadopirajucara.com.br\/?p=9443"},"modified":"2025-05-29T16:10:46","modified_gmt":"2025-05-29T19:10:46","slug":"direitos-dos-idosos-sao-discutidos-na-3a-conferencia-de-itapecerica-da-serra","status":"publish","type":"post","link":"https:\/\/folhadopirajucara.com.br\/index.php\/2025\/05\/29\/direitos-dos-idosos-sao-discutidos-na-3a-conferencia-de-itapecerica-da-serra\/","title":{"rendered":"Direitos dos idosos s\u00e3o discutidos na 3\u00aa Confer\u00eancia de Itapecerica da Serra"},"content":{"rendered":"<p class=\"post-description\">A Prefeitura de Itapecerica da Serra, por meio da Secretaria do Desenvolvimento Social e Rela\u00e7\u00f5es do Trabalho, realizou na manh\u00e3 desta quarta-feira, 28 de maio, a 3\u00aa Confer\u00eancia Municipal dos Direitos da Pessoa Idosa. Com o tema: Envelhecimento Multicultural e Democracia: Urgente por Equidade, Direitos e Participa\u00e7\u00e3o\u201d, o evento teve como objetivo dar voz \u00e0s pessoas idosas e fortalecer a defesa de seus direitos.<\/p>\n<div data-grid=\"small-spacing center justify\">\n<p>A confer\u00eancia foi realizada no Audit\u00f3rio do Complexo Administrativo da Prefeitura e reuniu autoridades, conselheiros, representantes da sociedade civil e mun\u00edcipes da terceira idade.<\/p>\n<p>A mesa de abertura contou com a presen\u00e7a da primeira-dama e secret\u00e1ria do Desenvolvimento Social, Anali Corsini; da diretora de Prote\u00e7\u00e3o Social, Ana Paula Arilla; do presidente do Conselho Municipal da Pessoa Idosa, Thiago Campos Lima; da diretora de Aten\u00e7\u00e3o Social Especial, Thais Bitencourt; da secret\u00e1ria do Conselho, Geovana Maciel; da coordenadora do 60+, Elaine Cristina; da assistente social, psic\u00f3loga e terapeuta, Mara Peixoto, que tamb\u00e9m atuou como palestrante; e do procurador do Munic\u00edpio, Dr. Silney Yoshimitsu Ono.<\/p>\n<p>\u201cQueremos que todos envelhe\u00e7am com dignidade, respeito, sa\u00fade e participa\u00e7\u00e3o. Este encontro \u00e9 um espa\u00e7o de troca, de uni\u00e3o e de constru\u00e7\u00e3o de um futuro melhor para todas as idades\u201d, destacou Anali Corsini durante sua fala.<\/p>\n<p>O evento ainda contou com uma apresenta\u00e7\u00e3o da equipe do 60+, conduzida pela professora de dan\u00e7a aer\u00f3bica e afromix Nice Morena. Ao som de &#8220;Andorinha&#8221;, de Chit\u00e3ozinho &amp; Xoror\u00f3, e &#8220;Na Sola da Bota&#8221;, de Rionegro &amp; Solim\u00f5es, o grupo animou o p\u00fablico com muita energia e entusiasmo.<\/p>\n<p>A 3\u00aa Confer\u00eancia Municipal serviu como etapa preparat\u00f3ria para a 6\u00aa Confer\u00eancia Nacional dos Direitos da Pessoa Idosa, que ser\u00e1 realizada entre os dias 5 e 8 de novembro de 2025. O evento nacional tem como meta incentivar a participa\u00e7\u00e3o social na formula\u00e7\u00e3o de a\u00e7\u00f5es que garantam o envelhecimento digno e uma velhice saud\u00e1vel.<\/p>\n<p>Durante a confer\u00eancia municipal, os participantes foram divididos em cinco grupos tem\u00e1ticos, conforme os eixos definidos pela organiza\u00e7\u00e3o nacional. Cada grupo debateu e formulou duas propostas por eixo, totalizando dez sugest\u00f5es que ser\u00e3o levadas \u00e0 confer\u00eancia nacional.<\/p>\n<p>Eixos tem\u00e1ticos e propostas apresentadas:<\/p>\n<p>Eixo 1 \u2013 Financiamento das pol\u00edticas p\u00fablicas para amplia\u00e7\u00e3o e garantia dos direitos sociais.<br \/>\nPropostas:<br \/>\nA. Investimentos em cursos tecnol\u00f3gicos para pessoas idosas (celular, inform\u00e1tica, entre outros).<br \/>\nB. Aumento de recursos financeiros para alimenta\u00e7\u00e3o, nutri\u00e7\u00e3o, arte, sa\u00fade e cultura, al\u00e9m da amplia\u00e7\u00e3o do quadro de profissionais para atender \u00e0 crescente demanda.<\/p>\n<p>Eixo 2 \u2013 Fortalecimento de pol\u00edticas p\u00fablicas para a prote\u00e7\u00e3o \u00e0 vida, \u00e0 sa\u00fade e ao cuidado integral da pessoa idosa.<br \/>\nPropostas:<br \/>\nA. Implanta\u00e7\u00e3o de uma Delegacia de Defesa da Pessoa Idosa.<br \/>\nB. Inclus\u00e3o de m\u00e9dico geriatra com foco em a\u00e7\u00f5es de sa\u00fade preventiva.<\/p>\n<p>Eixo 3 \u2013 Enfrentamento \u00e0s diversas formas de viol\u00eancia contra a pessoa idosa.<br \/>\nPropostas:<br \/>\nA. Cria\u00e7\u00e3o de um canal de den\u00fancias espec\u00edfico para idosos, com linguagem acess\u00edvel.<br \/>\nB. Implanta\u00e7\u00e3o da &#8220;Idoteca&#8221; \u2013 espa\u00e7o dedicado ao acolhimento e atendimento exclusivo das pessoas idosas.<\/p>\n<p>Eixo 4 \u2013 Participa\u00e7\u00e3o social, protagonismo e vida comunit\u00e1ria das pessoas idosas.<br \/>\nPropostas:<br \/>\nA. Melhoria na acessibilidade de cal\u00e7adas e vias p\u00fablicas.<br \/>\nB. Garantia de acesso \u00e0 informa\u00e7\u00e3o com linguagem clara e de f\u00e1cil compreens\u00e3o para o p\u00fablico idoso.<\/p>\n<p>Eixo 5 \u2013 Consolida\u00e7\u00e3o e fortalecimento dos conselhos dos direitos da pessoa idosa.<br \/>\nPropostas:<br \/>\nA. Divulga\u00e7\u00e3o antecipada dos servi\u00e7os oferecidos pelas UBSs e USFs.<br \/>\nB. Descentraliza\u00e7\u00e3o das reuni\u00f5es do Conselho da Pessoa Idosa, com encontros nos bairros, facilitando o acesso da popula\u00e7\u00e3o.<\/p>\n<p>Ao final do evento, foram eleitas as delegadas que representar\u00e3o o munic\u00edpio na etapa estadual. Entre as 12 candidatas aos quatro cargos (duas titulares e duas suplentes), foram eleitas:<br \/>\nTitulares: Eliane Cristina Domingues e Roseli Hessel da Cunha<br \/>\nSuplentes: Maria Teresinha do Amaral e Cristiane Ara\u00fajo Correia<\/p>\n<p>A realiza\u00e7\u00e3o da confer\u00eancia refor\u00e7a o compromisso da Administra\u00e7\u00e3o Municipal com a garantia de direitos e a promo\u00e7\u00e3o da participa\u00e7\u00e3o ativa das pessoas idosas na constru\u00e7\u00e3o de pol\u00edticas p\u00fablicas.<\/p>\n<\/div>\n<p>&nbsp;<\/p>\n<p>(*) SECOM PMIS<\/p>\n","protected":false},"excerpt":{"rendered":"<p>A Prefeitura de Itapecerica da Serra, por meio da Secretaria do Desenvolvimento Social e Rela\u00e7\u00f5es do Trabalho, realizou na manh\u00e3<\/p>\n","protected":false},"author":3,"featured_media":9444,"comment_status":"open","ping_status":"open","sticky":false,"template":"","format":"standard","meta":{"footnotes":""},"categories":[1,16,4],"tags":[],"class_list":["post-9443","post","type-post","status-publish","format-standard","has-post-thumbnail","hentry","category-destaque","category-itapecerica-da-serra","category-noticias"],"_links":{"self":[{"href":"https:\/\/folhadopirajucara.com.br\/index.php\/wp-json\/wp\/v2\/posts\/9443"}],"collection":[{"href":"https:\/\/folhadopirajucara.com.br\/index.php\/wp-json\/wp\/v2\/posts"}],"about":[{"href":"https:\/\/folhadopirajucara.com.br\/index.php\/wp-json\/wp\/v2\/types\/post"}],"author":[{"embeddable":true,"href":"https:\/\/folhadopirajucara.com.br\/index.php\/wp-json\/wp\/v2\/users\/3"}],"replies":[{"embeddable":true,"href":"https:\/\/folhadopirajucara.com.br\/index.php\/wp-json\/wp\/v2\/comments?post=9443"}],"version-history":[{"count":1,"href":"https:\/\/folhadopirajucara.com.br\/index.php\/wp-json\/wp\/v2\/posts\/9443\/revisions"}],"predecessor-version":[{"id":9445,"href":"https:\/\/folhadopirajucara.com.br\/index.php\/wp-json\/wp\/v2\/posts\/9443\/revisions\/9445"}],"wp:featuredmedia":[{"embeddable":true,"href":"https:\/\/folhadopirajucara.com.br\/index.php\/wp-json\/wp\/v2\/media\/9444"}],"wp:attachment":[{"href":"https:\/\/folhadopirajucara.com.br\/index.php\/wp-json\/wp\/v2\/media?parent=9443"}],"wp:term":[{"taxonomy":"category","embeddable":true,"href":"https:\/\/folhadopirajucara.com.br\/index.php\/wp-json\/wp\/v2\/categories?post=9443"},{"taxonomy":"post_tag","embeddable":true,"href":"https:\/\/folhadopirajucara.com.br\/index.php\/wp-json\/wp\/v2\/tags?post=9443"}],"curies":[{"name":"wp","href":"https:\/\/api.w.org\/{rel}","templated":true}]}}