{"id":9449,"date":"2025-05-25T15:05:51","date_gmt":"2025-05-25T18:05:51","guid":{"rendered":"https:\/\/folhadopirajucara.com.br\/?p=9449"},"modified":"2025-06-02T15:13:57","modified_gmt":"2025-06-02T18:13:57","slug":"marco-para-a-seguranca-publica-de-itapecerica-da-serra-secretaria-ganha-nova-sede","status":"publish","type":"post","link":"https:\/\/folhadopirajucara.com.br\/index.php\/2025\/05\/25\/marco-para-a-seguranca-publica-de-itapecerica-da-serra-secretaria-ganha-nova-sede\/","title":{"rendered":"Marco para a Seguran\u00e7a P\u00fablica de Itapecerica da Serra, Secretaria ganha nova sede"},"content":{"rendered":"<p class=\"post-description\">Na manh\u00e3 do \u00faltimo dia 22\/05, a Prefeitura de Itapecerica da Serra entregou \u00e0 Secretaria Municipal de Seguran\u00e7a P\u00fablica uma nova sede, localizada na rua Augusto Baldusco, 16, Jardim Santa Isabel (Centro).<\/p>\n<p>O novo espa\u00e7o conta com oito salas: recep\u00e7\u00e3o; ouvidoria e corregedoria; setor de intelig\u00eancia; diretoria; assessoria; gabinete do secret\u00e1rio, al\u00e9m de um amplo estacionamento.<\/p>\n<p>Durante a cerim\u00f4nia, o secret\u00e1rio Zecas agradeceu \u00e0 secret\u00e1ria de Educa\u00e7\u00e3o, Irani Roschel, pela cess\u00e3o do espa\u00e7o: o antigo pr\u00e9dio era utilizado pela Escola Municipal de Educa\u00e7\u00e3o Especial Arco-\u00cdris; e destacou que a adequa\u00e7\u00e3o foi realizada sem custos financeiros.<\/p>\n<p>O prefeito Dr. Ramon Corsini participou do evento e destacou a import\u00e2ncia da nova sede: \u201cAndei por toda a cidade e a popula\u00e7\u00e3o clama, principalmente, por sa\u00fade e seguran\u00e7a. Agrade\u00e7o ao secret\u00e1rio Zecas e sua equipe, que colocaram a m\u00e3o na massa, assentaram blocos, pintaram; isso fez a diferen\u00e7a. Se f\u00f4ssemos contratar uma empresa, n\u00e3o estar\u00edamos entregando esta sede agora, devido \u00e0 burocracia e ao or\u00e7amento\u201d.<\/p>\n<p>Na ocasi\u00e3o, o prefeito mencionou a previs\u00e3o de contrata\u00e7\u00e3o de mais guardas e anunciou uma importante conquista: por meio de uma contrapartida com a organiza\u00e7\u00e3o do Rodeio, o munic\u00edpio receber\u00e1 dois novos ve\u00edculos: uma ambul\u00e2ncia para a Autarquia de Sa\u00fade e uma viatura para a Guarda Civil Municipal.<\/p>\n<p>Ele ainda informou que, com mais um corte de gastos, em breve outro pr\u00e9dio locado ser\u00e1 devolvido: a base da GCM ser\u00e1 transferida para a sede da Secretaria de Seguran\u00e7a, e o Poupatempo passar\u00e1 a funcionar em um espa\u00e7o da Secretaria do Desenvolvimento Social e Rela\u00e7\u00f5es do Trabalho, uma economia de quase R$600 mil por ano.<\/p>\n<p>O vice-prefeito Allan Dias celebrou os avan\u00e7os recentes na \u00e1rea da seguran\u00e7a p\u00fablica, parabenizou o secret\u00e1rio Zecas pelo trabalho e anunciou a inaugura\u00e7\u00e3o da base da GCM no Valo Velho nos pr\u00f3ximos dias.<\/p>\n<p>Representando o secretariado municipal, o chefe de gabinete Pr. M\u00e1rcio Roberto parabenizou o empenho de todos os envolvidos e estendeu os agradecimentos \u00e0 C\u00e2mara Municipal, pelo apoio em todas realiza\u00e7\u00f5es do m\u00eas.<\/p>\n<p>Estiveram presentes na cerim\u00f4nia de inaugura\u00e7\u00e3o: primeira-dama e secret\u00e1ria de Desenvolvimento Social e Rela\u00e7\u00f5es do Trabalho, Anali Corsini; secret\u00e1rio de Servi\u00e7os Urbanos, Cepacol; secret\u00e1rio de Tr\u00e2nsito e Transporte, Adalberto Dias; secret\u00e1rio de Turismo, F\u00e1bio Faquim; secret\u00e1rio de Habita\u00e7\u00e3o, Rog\u00e9rio Silva; os vereadores: C\u00edcero Melo (presidente da C\u00e2mara), Val Santos (2\u00ba secret\u00e1rio), Dr. Gustavo Mariani, Alex Napole\u00e3o, Carlinho Bandeira e Mauro Cavalheiro, o delegado Ivan Teixeira (Delegacia da Pol\u00edcia Civil do Jd. Jacira), o assessor especial e presidente do Conselho de Seguran\u00e7a, Iber\u00ea Rocha, a presidente do CONSEG, M\u00e1rcia Mota; representantes do Conselho da Mulher, al\u00e9m de diretores, assessores e membros da corpora\u00e7\u00e3o.<\/p>\n<p>&nbsp;<\/p>\n<p>(*) Comun. Itap Serra<\/p>\n<div data-grid=\"small-spacing center justify\"><\/div>\n","protected":false},"excerpt":{"rendered":"<p>Na manh\u00e3 do \u00faltimo dia 22\/05, a Prefeitura de Itapecerica da Serra entregou \u00e0 Secretaria Municipal de Seguran\u00e7a P\u00fablica uma<\/p>\n","protected":false},"author":3,"featured_media":9450,"comment_status":"open","ping_status":"open","sticky":false,"template":"","format":"standard","meta":{"footnotes":""},"categories":[1,16,4],"tags":[],"class_list":["post-9449","post","type-post","status-publish","format-standard","has-post-thumbnail","hentry","category-destaque","category-itapecerica-da-serra","category-noticias"],"_links":{"self":[{"href":"https:\/\/folhadopirajucara.com.br\/index.php\/wp-json\/wp\/v2\/posts\/9449"}],"collection":[{"href":"https:\/\/folhadopirajucara.com.br\/index.php\/wp-json\/wp\/v2\/posts"}],"about":[{"href":"https:\/\/folhadopirajucara.com.br\/index.php\/wp-json\/wp\/v2\/types\/post"}],"author":[{"embeddable":true,"href":"https:\/\/folhadopirajucara.com.br\/index.php\/wp-json\/wp\/v2\/users\/3"}],"replies":[{"embeddable":true,"href":"https:\/\/folhadopirajucara.com.br\/index.php\/wp-json\/wp\/v2\/comments?post=9449"}],"version-history":[{"count":1,"href":"https:\/\/folhadopirajucara.com.br\/index.php\/wp-json\/wp\/v2\/posts\/9449\/revisions"}],"predecessor-version":[{"id":9451,"href":"https:\/\/folhadopirajucara.com.br\/index.php\/wp-json\/wp\/v2\/posts\/9449\/revisions\/9451"}],"wp:featuredmedia":[{"embeddable":true,"href":"https:\/\/folhadopirajucara.com.br\/index.php\/wp-json\/wp\/v2\/media\/9450"}],"wp:attachment":[{"href":"https:\/\/folhadopirajucara.com.br\/index.php\/wp-json\/wp\/v2\/media?parent=9449"}],"wp:term":[{"taxonomy":"category","embeddable":true,"href":"https:\/\/folhadopirajucara.com.br\/index.php\/wp-json\/wp\/v2\/categories?post=9449"},{"taxonomy":"post_tag","embeddable":true,"href":"https:\/\/folhadopirajucara.com.br\/index.php\/wp-json\/wp\/v2\/tags?post=9449"}],"curies":[{"name":"wp","href":"https:\/\/api.w.org\/{rel}","templated":true}]}}