{"id":9506,"date":"2025-06-11T18:27:18","date_gmt":"2025-06-11T21:27:18","guid":{"rendered":"https:\/\/folhadopirajucara.com.br\/?p=9506"},"modified":"2025-06-11T18:27:18","modified_gmt":"2025-06-11T21:27:18","slug":"obras-no-novo-equipamento-de-saude-de-taboao-da-serra-estao-em-fase-final","status":"publish","type":"post","link":"https:\/\/folhadopirajucara.com.br\/index.php\/2025\/06\/11\/obras-no-novo-equipamento-de-saude-de-taboao-da-serra-estao-em-fase-final\/","title":{"rendered":"Obras no novo equipamento de Sa\u00fade de Tabo\u00e3o da Serra est\u00e3o em fase final"},"content":{"rendered":"<p>Projetado inicialmente para abrigar o Servi\u00e7o Especializado em Reabilita\u00e7\u00e3o, o novo pr\u00e9dio da Estrada das Olarias receber\u00e1 dois servi\u00e7os em sa\u00fade j\u00e1 existentes no munic\u00edpio: o CAPS I (Centro de Aten\u00e7\u00e3o Psicossocial Infantil) e o CEO (Centro de Especialidades Odontol\u00f3gicas).<\/p>\n<p>&nbsp;<\/p>\n<p>A Prefeitura de Tabo\u00e3o da Serra segue com a constru\u00e7\u00e3o do espa\u00e7o, que est\u00e1 em fase de acabamento e deve ser entregue \u00e0 popula\u00e7\u00e3o at\u00e9 o final do pr\u00f3ximo m\u00eas. O pr\u00e9dio conta com dois pavimentos, sendo o primeiro andar com toda a estrutura para atender as crian\u00e7as e os adolescentes do CAPS I, que hoje funciona no SER, e o segundo com 12 consult\u00f3rios odontol\u00f3gicos.<\/p>\n<p>&nbsp;<\/p>\n<p>De acordo com a Secretaria de Obras e Infraestrutura, toda a parte de constru\u00e7\u00e3o civil do CEO j\u00e1 est\u00e1 finalizada e pronta para receber os mobili\u00e1rios e equipamentos necess\u00e1rios para a montagem dos consult\u00f3rios. J\u00e1 no local onde funcionar\u00e1 o CAPS I, est\u00e1 sendo realizada a pintura, aplica\u00e7\u00e3o de resina no piso e limpeza final. Na parte externa, faltam apenas a constru\u00e7\u00e3o da lixeira e o plantio da grama que j\u00e1 est\u00e3o em execu\u00e7\u00e3o.<\/p>\n<p>&nbsp;<\/p>\n<p>A edifica\u00e7\u00e3o totalizar\u00e1 mais de 1.500 m\u00b2 e al\u00e9m dos servi\u00e7os civis, tamb\u00e9m ser\u00e1 implantado um jardim sensorial para as pr\u00e1ticas l\u00fadicas e ensino ambiental aos pacientes do centro de aten\u00e7\u00e3o. \u201cPrecisamos realizar essas modifica\u00e7\u00f5es solicitadas pela Secretaria de Sa\u00fade para melhor atender os moradores de Tabo\u00e3o da Serra. Fizemos todas as adapta\u00e7\u00f5es e estamos deixando o pr\u00e9dio pronto para a instala\u00e7\u00e3o dos servi\u00e7os\u201d, diz o secret\u00e1rio municipal de Obras, Edson Galina. \u201cEste \u00e9 um governo preocupado em entregar o melhor para a popula\u00e7\u00e3o e esse novo centro \u00e9 essencial e necess\u00e1rio para o atendimento dessas especialidades\u201d, completa.<\/p>\n<p>&nbsp;<\/p>\n<h6>(*) Tamara Freitas<\/h6>\n","protected":false},"excerpt":{"rendered":"<p>Projetado inicialmente para abrigar o Servi\u00e7o Especializado em Reabilita\u00e7\u00e3o, o novo pr\u00e9dio da Estrada das Olarias receber\u00e1 dois servi\u00e7os em<\/p>\n","protected":false},"author":3,"featured_media":9507,"comment_status":"open","ping_status":"open","sticky":false,"template":"","format":"standard","meta":{"footnotes":""},"categories":[1,4,10],"tags":[],"class_list":["post-9506","post","type-post","status-publish","format-standard","has-post-thumbnail","hentry","category-destaque","category-noticias","category-taboao-da-serra"],"_links":{"self":[{"href":"https:\/\/folhadopirajucara.com.br\/index.php\/wp-json\/wp\/v2\/posts\/9506"}],"collection":[{"href":"https:\/\/folhadopirajucara.com.br\/index.php\/wp-json\/wp\/v2\/posts"}],"about":[{"href":"https:\/\/folhadopirajucara.com.br\/index.php\/wp-json\/wp\/v2\/types\/post"}],"author":[{"embeddable":true,"href":"https:\/\/folhadopirajucara.com.br\/index.php\/wp-json\/wp\/v2\/users\/3"}],"replies":[{"embeddable":true,"href":"https:\/\/folhadopirajucara.com.br\/index.php\/wp-json\/wp\/v2\/comments?post=9506"}],"version-history":[{"count":1,"href":"https:\/\/folhadopirajucara.com.br\/index.php\/wp-json\/wp\/v2\/posts\/9506\/revisions"}],"predecessor-version":[{"id":9508,"href":"https:\/\/folhadopirajucara.com.br\/index.php\/wp-json\/wp\/v2\/posts\/9506\/revisions\/9508"}],"wp:featuredmedia":[{"embeddable":true,"href":"https:\/\/folhadopirajucara.com.br\/index.php\/wp-json\/wp\/v2\/media\/9507"}],"wp:attachment":[{"href":"https:\/\/folhadopirajucara.com.br\/index.php\/wp-json\/wp\/v2\/media?parent=9506"}],"wp:term":[{"taxonomy":"category","embeddable":true,"href":"https:\/\/folhadopirajucara.com.br\/index.php\/wp-json\/wp\/v2\/categories?post=9506"},{"taxonomy":"post_tag","embeddable":true,"href":"https:\/\/folhadopirajucara.com.br\/index.php\/wp-json\/wp\/v2\/tags?post=9506"}],"curies":[{"name":"wp","href":"https:\/\/api.w.org\/{rel}","templated":true}]}}