{"id":9510,"date":"2025-06-12T12:40:11","date_gmt":"2025-06-12T15:40:11","guid":{"rendered":"https:\/\/folhadopirajucara.com.br\/?p=9510"},"modified":"2025-06-12T15:06:03","modified_gmt":"2025-06-12T18:06:03","slug":"2a-audiencia-popular-nova-raposo-em-itapecerica-cotia-e-embu-nao","status":"publish","type":"post","link":"https:\/\/folhadopirajucara.com.br\/index.php\/2025\/06\/12\/2a-audiencia-popular-nova-raposo-em-itapecerica-cotia-e-embu-nao\/","title":{"rendered":"2a AUDI\u00caNCIA POPULAR &#8211; NOVA RAPOSO EM ITAPECERICA, COTIA E EMBU N\u00c3O!"},"content":{"rendered":"<blockquote>\n<p style=\"font-weight: 400; text-align: center;\"><strong><em>Itapecerica da Serra sedia a 2a Audi\u00eancia Popular \u201c<\/em>NOVA RAPOSO EM ITAPECERICA, COTIA E EMBU N\u00c3O!<em>\u201d para discutir os impactos ambientais do Projeto \u201cNova\u201d Raposo<\/em><\/strong><\/p>\n<\/blockquote>\n<p>&nbsp;<\/p>\n<p style=\"font-weight: 400;\"><img loading=\"lazy\" decoding=\"async\" class=\" wp-image-9512 alignleft\" src=\"https:\/\/folhadopirajucara.com.br\/wp-content\/uploads\/2025\/06\/2audienciabanner1-169x300.jpeg\" alt=\"\" width=\"223\" height=\"396\" srcset=\"https:\/\/folhadopirajucara.com.br\/wp-content\/uploads\/2025\/06\/2audienciabanner1-169x300.jpeg 169w, https:\/\/folhadopirajucara.com.br\/wp-content\/uploads\/2025\/06\/2audienciabanner1-576x1024.jpeg 576w, https:\/\/folhadopirajucara.com.br\/wp-content\/uploads\/2025\/06\/2audienciabanner1-768x1365.jpeg 768w, https:\/\/folhadopirajucara.com.br\/wp-content\/uploads\/2025\/06\/2audienciabanner1-864x1536.jpeg 864w, https:\/\/folhadopirajucara.com.br\/wp-content\/uploads\/2025\/06\/2audienciabanner1.jpeg 900w\" sizes=\"(max-width: 223px) 100vw, 223px\" \/>Neste s\u00e1bado, dia 14 de junho, acontecer\u00e1 a 2\u00aa Audi\u00eancia Popular sobre o projeto do governo estadual paulista Nova Raposo, que prev\u00ea a constru\u00e7\u00e3o de uma nova via interligando as rodovias Castelo Branco, Raposo Tavares e R\u00e9gis Bittencourt. O evento ocorrer\u00e1 das 9h00 \u00e0s 12h, na C\u00e2mara Municipal de Itapecerica da Serra.<\/p>\n<p style=\"font-weight: 400;\">Organizado pelas entidades Preservar Ambiental, Seae &#8211; Sociedade Ecol\u00f3gica Amigos do Embu e pela Sabrac &#8211; Associa\u00e7\u00e3o de Moradores Ressaca e Caputera, o encontro busca preencher uma lacuna deixada pelo governo do Estado, que n\u00e3o realizou consultas p\u00fablicas nas cidades diretamente afetadas, Cotia, Embu das Artes e Itapecerica da Serra.<\/p>\n<p style=\"font-weight: 400;\">Durante o evento, especialistas apresentar\u00e3o dados sobre os poss\u00edveis impactos ambientais do projeto, destacando que considerando um \u201craio\u201d (entorno) de 3 quil\u00f4metros do tra\u00e7ado proposto, haver\u00e1 o comprometimento de cerca de 282 quil\u00f4metros de cursos d\u2019\u00e1gua e aproximadamente 345 nascentes. Essas \u00e1guas seriam capazes de abastecer cerca de 50 mil pessoas. Al\u00e9m disso, cerca de 50 km\u00b2 de Mata Atl\u00e2ntica em est\u00e1gio m\u00e9dio e avan\u00e7ado de regenera\u00e7\u00e3o, que abrigam mais de 150 mil \u00e1rvores de m\u00e9dio e grande porte e mais de 300 esp\u00e9cies animais, estar\u00e3o sob risco de destrui\u00e7\u00e3o.<\/p>\n<p style=\"font-weight: 400; text-align: center;\"><strong>A VOZ DAS MULHERES CONTRA A \u201cNOVA\u201d RAPOSO!\u00a0<\/strong><\/p>\n<p style=\"font-weight: 400;\">O encontro conta com uma mesa composta por mulheres ambientalistas e ativistas do Sudoeste da Regi\u00e3o Metropolitana de S\u00e3o Paulo, representantes de setores sens\u00edveis ao meio ambiente, como a renomada pesquisadora Dra. Yara Schaeffer Novelli, Doutora em Zoologia e Livre-Docente pela USP, Fab\u00edola Lago &#8211; representante do Movimento Nova Raposo, N\u00c3O!, Rafaela Koester da Associa\u00e7\u00e3o de Moradores Ressaca e Caputera, representando Embu das Artes, Ana Alc\u00e2ntara do Mulher A\u00e7\u00e3o de Cotia e em Itapecerica da Serra,\u00a0 Elenita Rodrigues da Cooperativa de Reciclagem Recicla Vera Cruz, Elaine Geraldes, produtora de org\u00e2nicos do S\u00edtio Horta da Serra e a ambientalista Adriana Abelh\u00e3o da Preservar Ambiental. Representando a Seae, estar\u00e1 tamb\u00e9m o ambientalista Rodolfo Almeida.<\/p>\n<p style=\"font-weight: 400;\">\u00a0A audi\u00eancia \u00e9 aberta ao p\u00fablico, com microfone aberto \u00e0 popula\u00e7\u00e3o, especialmente aos moradores das \u00e1reas afetadas e munic\u00edpios vizinhos, com o objetivo de conscientizar, esclarecer d\u00favidas e registrar oficialmente as manifesta\u00e7\u00f5es da comunidade, garantindo transpar\u00eancia e responsabilidade socioambiental nas decis\u00f5es futuras relacionadas ao projeto.<\/p>\n<p style=\"font-weight: 400;\"><strong>AGENDA<br \/>\nData: 14-06-2025<br \/>\nHor\u00e1rio: 9h00<br \/>\nLocal: C\u00e2mara Municipal de Itapecerica da Serra<br \/>\nLargo da Matriz de Nossa Sra. dos Prazeres, 147 &#8211; Centro<\/strong><\/p>\n<p style=\"font-weight: 400;\"><strong>Organiza\u00e7\u00e3o:<br \/>\nPreservar Ambiental<br \/>\nSeae &#8211; Sociedade Ecol\u00f3gica Amigos de Embu<br \/>\nSabrac &#8211; Associa\u00e7\u00e3o de Moradores dos bairros Ressaca e Caputera<br \/>\nMovimento Nova Raposo N\u00c3O!<\/strong><\/p>\n<p>&nbsp;<\/p>\n<h6>(*) Adriana Abelh\u00e3o<\/h6>\n","protected":false},"excerpt":{"rendered":"<p>Itapecerica da Serra sedia a 2a Audi\u00eancia Popular \u201cNOVA RAPOSO EM ITAPECERICA, COTIA E EMBU N\u00c3O!\u201d para discutir os impactos<\/p>\n","protected":false},"author":3,"featured_media":9511,"comment_status":"open","ping_status":"open","sticky":false,"template":"","format":"standard","meta":{"footnotes":""},"categories":[1,15,16,4],"tags":[],"class_list":["post-9510","post","type-post","status-publish","format-standard","has-post-thumbnail","hentry","category-destaque","category-embu-das-artes","category-itapecerica-da-serra","category-noticias"],"_links":{"self":[{"href":"https:\/\/folhadopirajucara.com.br\/index.php\/wp-json\/wp\/v2\/posts\/9510"}],"collection":[{"href":"https:\/\/folhadopirajucara.com.br\/index.php\/wp-json\/wp\/v2\/posts"}],"about":[{"href":"https:\/\/folhadopirajucara.com.br\/index.php\/wp-json\/wp\/v2\/types\/post"}],"author":[{"embeddable":true,"href":"https:\/\/folhadopirajucara.com.br\/index.php\/wp-json\/wp\/v2\/users\/3"}],"replies":[{"embeddable":true,"href":"https:\/\/folhadopirajucara.com.br\/index.php\/wp-json\/wp\/v2\/comments?post=9510"}],"version-history":[{"count":2,"href":"https:\/\/folhadopirajucara.com.br\/index.php\/wp-json\/wp\/v2\/posts\/9510\/revisions"}],"predecessor-version":[{"id":9517,"href":"https:\/\/folhadopirajucara.com.br\/index.php\/wp-json\/wp\/v2\/posts\/9510\/revisions\/9517"}],"wp:featuredmedia":[{"embeddable":true,"href":"https:\/\/folhadopirajucara.com.br\/index.php\/wp-json\/wp\/v2\/media\/9511"}],"wp:attachment":[{"href":"https:\/\/folhadopirajucara.com.br\/index.php\/wp-json\/wp\/v2\/media?parent=9510"}],"wp:term":[{"taxonomy":"category","embeddable":true,"href":"https:\/\/folhadopirajucara.com.br\/index.php\/wp-json\/wp\/v2\/categories?post=9510"},{"taxonomy":"post_tag","embeddable":true,"href":"https:\/\/folhadopirajucara.com.br\/index.php\/wp-json\/wp\/v2\/tags?post=9510"}],"curies":[{"name":"wp","href":"https:\/\/api.w.org\/{rel}","templated":true}]}}