{"id":9530,"date":"2025-06-14T13:35:36","date_gmt":"2025-06-14T16:35:36","guid":{"rendered":"https:\/\/folhadopirajucara.com.br\/?p=9530"},"modified":"2025-06-14T13:35:36","modified_gmt":"2025-06-14T16:35:36","slug":"veja-a-programacao-do-feriado-de-corpus-christi-em-embu-das-artes","status":"publish","type":"post","link":"https:\/\/folhadopirajucara.com.br\/index.php\/2025\/06\/14\/veja-a-programacao-do-feriado-de-corpus-christi-em-embu-das-artes\/","title":{"rendered":"Veja a programa\u00e7\u00e3o do feriado de Corpus Christi em Embu das Artes"},"content":{"rendered":"<p>Seguindo a tradi\u00e7\u00e3o, diversas par\u00f3quias da cidade confeccionar\u00e3o os tapetes de Corpus Christi, que antes da prociss\u00e3o do Sant\u00edssimo Sacramento, recebem a visita de centenas de pessoas.<\/p>\n<p>O costume de se criar os tapetes foi trazida pelos portugueses para o Brasil e ainda hoje s\u00e3o uma pr\u00e1tica comum em muitas partes do pa\u00eds, representando s\u00edmbolos e cenas importantes da f\u00e9 cat\u00f3lica. Os tapetes s\u00e3o confeccionados a partir de v\u00e1rios produtos, como serragem, borra de caf\u00e9, areia etc.<\/p>\n<p>Confira a programa\u00e7\u00e3o das igrejas cat\u00f3licas de Embu das Artes para o feriado de Corpus Christi (19\/6):<\/p>\n<p>&nbsp;<\/p>\n<p><strong>Igreja Matriz Nossa Senhora do Ros\u00e1rio<\/strong><\/p>\n<p>17h<\/p>\n<p>Endere\u00e7o: Largo 21 de Abril<\/p>\n<p>Centro<\/p>\n<p>&nbsp;<\/p>\n<p>&nbsp;<\/p>\n<p><strong>Igreja Matriz Santa Em\u00edlia<\/strong>\u00a0<strong>e Comunidade Bom Jesus<\/strong><\/p>\n<p>10h<\/p>\n<p>Endere\u00e7o: Rua Capri, 53<\/p>\n<p>Jd. Santa Em\u00edlia<\/p>\n<p>&nbsp;<\/p>\n<p>&nbsp;<\/p>\n<p><strong>Igreja Matriz Santa Teresa e S\u00e3o Jo\u00e3o<\/strong>\u00a0<strong>e Comunidade S\u00e3o Pedro<\/strong><\/p>\n<p>9h<\/p>\n<p>Endere\u00e7o : rua Penha, 190<\/p>\n<p>Jd. Laila<\/p>\n<p>&nbsp;<\/p>\n<p>&nbsp;<\/p>\n<p><strong>Igreja Matriz S\u00e3o Jos\u00e9 e Santo Eduardo<\/strong><\/p>\n<p>Confec\u00e7\u00e3o dos tapetes 9h30<\/p>\n<p>15h<\/p>\n<p>Endere\u00e7o: Rua \u00c1guas de S\u00e3o Pedro, 108<\/p>\n<p>Jd. Dom Jos\u00e9<\/p>\n<p>&nbsp;<\/p>\n<p>&nbsp;<\/p>\n<p><strong>Igreja Matriz S\u00e3o Jo\u00e3o Evangelista<\/strong><\/p>\n<p>18h30<\/p>\n<p>(sa\u00edda da antiga SOS at\u00e9 a igreja)<\/p>\n<p>Endere\u00e7o : Estrada Prof. M\u00e1rio Osassa, 19<\/p>\n<p>Jd. Magali<\/p>\n<p>&nbsp;<\/p>\n<p>&nbsp;<\/p>\n<p>&nbsp;<\/p>\n<p><strong>Comunidade Menino Jesus<\/strong><\/p>\n<p>9h<\/p>\n<p>Endere\u00e7o : rua Sete de Setembro, 12.625<\/p>\n<p>Itatuba<\/p>\n<p>&nbsp;<\/p>\n<p>&nbsp;<\/p>\n<p><strong>Comunidade Sagrado Cora\u00e7\u00e3o de Jesus<\/strong><\/p>\n<p>17h<\/p>\n<p>Endere\u00e7o: Estrada da Ressaca, 320<\/p>\n<p>Ressaca<\/p>\n<p>&nbsp;<\/p>\n<p>&nbsp;<\/p>\n<p><strong>Igreja Matriz S\u00e3o Judas Tadeu e Santa Clara<\/strong><\/p>\n<p>9h<\/p>\n<p>Endere\u00e7o : Rua dos Pinheiros, 344<\/p>\n<p>Jd. Pinheirinho<\/p>\n<p>&nbsp;<\/p>\n<p>&nbsp;<\/p>\n<p><strong>Igreja Matriz Nossa Senhora das Vit\u00f3rias e S\u00e3o Lucas<\/strong>\u00a0<strong>e Comunidade S\u00e3o Sebasti\u00e3o<\/strong><\/p>\n<p>14h<\/p>\n<p>Endere\u00e7o: rua Nilo, 187<\/p>\n<p>Jd. Casa Branca<\/p>\n<p>&nbsp;<\/p>\n<p>&nbsp;<\/p>\n<p><strong>Igreja Santa In\u00eas<\/strong><\/p>\n<p>9h<\/p>\n<p>Endere\u00e7o : Rua Guin\u00e9, 51<\/p>\n<p>Jd. S\u00e3o Luiz<\/p>\n<p>&nbsp;<\/p>\n<p>&nbsp;<\/p>\n<p><strong>Comunidade Nossa Senhora de F\u00e1tima<\/strong><\/p>\n<p>15h<\/p>\n<p>Endere\u00e7o: rua Narumi Nakayama 701<\/p>\n<p>Jardim Nossa Senhora de F\u00e1tima<\/p>\n<p>&nbsp;<\/p>\n<p>&nbsp;<\/p>\n<p><strong>Par\u00f3quia Cristo Ressuscitado<\/strong><\/p>\n<p>9h<\/p>\n<p>Endere\u00e7o:\u00a0<strong>\u00a0<\/strong>rua Ararib\u00f3ia, 201<\/p>\n<p>Parque Pirajussara<\/p>\n<div class=\"addtoany_share_save_container addtoany_content addtoany_content_bottom\"><\/div>\n<div><\/div>\n<h6>(*) Sandra Martins \/ (*) foto: Comunica\u00e7\u00e3o\/PMETEA<\/h6>\n","protected":false},"excerpt":{"rendered":"<p>Seguindo a tradi\u00e7\u00e3o, diversas par\u00f3quias da cidade confeccionar\u00e3o os tapetes de Corpus Christi, que antes da prociss\u00e3o do Sant\u00edssimo Sacramento,<\/p>\n","protected":false},"author":3,"featured_media":9531,"comment_status":"open","ping_status":"open","sticky":false,"template":"","format":"standard","meta":{"footnotes":""},"categories":[1,15,4],"tags":[],"class_list":["post-9530","post","type-post","status-publish","format-standard","has-post-thumbnail","hentry","category-destaque","category-embu-das-artes","category-noticias"],"_links":{"self":[{"href":"https:\/\/folhadopirajucara.com.br\/index.php\/wp-json\/wp\/v2\/posts\/9530"}],"collection":[{"href":"https:\/\/folhadopirajucara.com.br\/index.php\/wp-json\/wp\/v2\/posts"}],"about":[{"href":"https:\/\/folhadopirajucara.com.br\/index.php\/wp-json\/wp\/v2\/types\/post"}],"author":[{"embeddable":true,"href":"https:\/\/folhadopirajucara.com.br\/index.php\/wp-json\/wp\/v2\/users\/3"}],"replies":[{"embeddable":true,"href":"https:\/\/folhadopirajucara.com.br\/index.php\/wp-json\/wp\/v2\/comments?post=9530"}],"version-history":[{"count":1,"href":"https:\/\/folhadopirajucara.com.br\/index.php\/wp-json\/wp\/v2\/posts\/9530\/revisions"}],"predecessor-version":[{"id":9532,"href":"https:\/\/folhadopirajucara.com.br\/index.php\/wp-json\/wp\/v2\/posts\/9530\/revisions\/9532"}],"wp:featuredmedia":[{"embeddable":true,"href":"https:\/\/folhadopirajucara.com.br\/index.php\/wp-json\/wp\/v2\/media\/9531"}],"wp:attachment":[{"href":"https:\/\/folhadopirajucara.com.br\/index.php\/wp-json\/wp\/v2\/media?parent=9530"}],"wp:term":[{"taxonomy":"category","embeddable":true,"href":"https:\/\/folhadopirajucara.com.br\/index.php\/wp-json\/wp\/v2\/categories?post=9530"},{"taxonomy":"post_tag","embeddable":true,"href":"https:\/\/folhadopirajucara.com.br\/index.php\/wp-json\/wp\/v2\/tags?post=9530"}],"curies":[{"name":"wp","href":"https:\/\/api.w.org\/{rel}","templated":true}]}}