{"id":9546,"date":"2025-06-16T16:11:22","date_gmt":"2025-06-16T19:11:22","guid":{"rendered":"https:\/\/folhadopirajucara.com.br\/?p=9546"},"modified":"2025-06-16T16:11:22","modified_gmt":"2025-06-16T19:11:22","slug":"festa-de-corpus-christi-interdita-vias-de-taboao-da-serra-esta-semana","status":"publish","type":"post","link":"https:\/\/folhadopirajucara.com.br\/index.php\/2025\/06\/16\/festa-de-corpus-christi-interdita-vias-de-taboao-da-serra-esta-semana\/","title":{"rendered":"Festa de Corpus Christi interdita vias de Tabo\u00e3o da Serra esta semana"},"content":{"rendered":"<blockquote>\n<p style=\"text-align: center;\"><strong><em>Ruas no entorno do Santu\u00e1rio Santa Terezinha estar\u00e3o bloqueadas das 23h de quarta-feira (18) at\u00e9 \u00e0s 23h de quinta (19)<\/em><\/strong><\/p>\n<\/blockquote>\n<p>&nbsp;<\/p>\n<p>Os fieis cat\u00f3licos de Tabo\u00e3o da Serra j\u00e1 se prepararam para a Festa de Corpus Christi. A solenidade que celebra o sacramento da Eucaristia acontece nesta quinta-feira, 19 de junho. Na ocasi\u00e3o, diversas par\u00f3quias confeccionar\u00e3o os tradicionais tapetes e, por isto, algumas vias da cidade ser\u00e3o interditadas pela Prefeitura de Tabo\u00e3o da Serra.<\/p>\n<p>&nbsp;<\/p>\n<p>Umas das igrejas que j\u00e1 prepara para a festividade \u00e9 o Santu\u00e1rio Santa Terezinha, na Vila Santa Luzia, que h\u00e1 mais de 30 anos realiza a confec\u00e7\u00e3o artesanal dos tapetes. A serragem que ser\u00e1 utilizada na decora\u00e7\u00e3o deste ano est\u00e1 guardada na Secretaria de Manuten\u00e7\u00e3o (USINA).<\/p>\n<p>&nbsp;<\/p>\n<p>Segundo a programa\u00e7\u00e3o divulgada pelo Santu\u00e1rio \u00e0 Prefeitura, a decora\u00e7\u00e3o das vias ocorrer\u00e1 das 00h \u00e0s 14h de quinta-feira e, a partir das 14h, haver\u00e1 prociss\u00e3o pelas ruas decoradas, com Sa\u00edda do Santu\u00e1rio Santa Terezinha.<\/p>\n<p>&nbsp;<\/p>\n<p>Para a confec\u00e7\u00e3o dos tapetes, das 23h da quarta-feira (18) at\u00e9 \u00e0s 23h de quinta-feira (19) estar\u00e3o interditadas as seguinte vias:<\/p>\n<p>&#8211; R. do Tesouro (parcial);<\/p>\n<p>&#8211; R. Ernesto Capelari (da esquina da R. \u00c2ngelo Rinaldo a R. Senador Felinto M\u00fcller);<\/p>\n<p>&#8211; R. Senador Felinto M\u00fcller (trecho da R. do Tesouro at\u00e9 a Av. Armando Andrade);<\/p>\n<p>&#8211; Av. Armando de Andrade (sentido R. do Carmo) at\u00e9 a esquina com a R. Thereza Maria Luizetto;<\/p>\n<p>&#8211; R. Thereza Maria Luizetto.<\/p>\n<p>&nbsp;<\/p>\n<p>Todos os fi\u00e9is s\u00e3o convidados a participar da confec\u00e7\u00e3o dos tapetes e, quem puder, poder\u00e1 ajudar as fam\u00edlias assistidas pelo Santu\u00e1rio com doa\u00e7\u00f5es de alimentos n\u00e3o perec\u00edveis e roupas em bom estado.<\/p>\n<p>&nbsp;<\/p>\n<p><strong>Feriado Municipal<\/strong><\/p>\n<p>&nbsp;<\/p>\n<p>Em Tabo\u00e3o da Serra, a festa de Corpus Christi \u00e9 feriado municipal desde a d\u00e9cada de 1960. Este ano, atrav\u00e9s do Decreto Municipal n\u00ba 9\/2025, a sexta-feira (20) ser\u00e1 ponto facultativo. Logo, n\u00e3o haver\u00e1 expediente nas reparti\u00e7\u00f5es p\u00fablicas municipais em ambas as datas. Servi\u00e7os essenciais e de relevante interesse p\u00fablico, como Prontos Socorros, servi\u00e7os de seguran\u00e7a, salvamento e servi\u00e7os funer\u00e1rios, seguir\u00e3o atendendo.<\/p>\n<p>&nbsp;<\/p>\n<p><strong>Servi\u00e7o:<\/strong><\/p>\n<p><strong>Festa de Corpus Christi &#8211; 19 de junho<br \/>\n<\/strong>Programa\u00e7\u00e3o Santu\u00e1rio Santa Terezinha<br \/>\n&#8211; 00h \u00e0s 14h &#8211; Confec\u00e7\u00e3o dos tapetes.<br \/>\n&#8211; 14h &#8211; Prociss\u00e3o pelas ruas decoradas, com sa\u00edda do Santu\u00e1rio (Rua Thereza Maria Luizetto, 42, Vila Santa Luzia).<\/p>\n<p>&nbsp;<\/p>\n<p>&nbsp;<\/p>\n<h6>(*) Vera Sampaio<\/h6>\n","protected":false},"excerpt":{"rendered":"<p>Ruas no entorno do Santu\u00e1rio Santa Terezinha estar\u00e3o bloqueadas das 23h de quarta-feira (18) at\u00e9 \u00e0s 23h de quinta (19)<\/p>\n","protected":false},"author":3,"featured_media":9547,"comment_status":"open","ping_status":"open","sticky":false,"template":"","format":"standard","meta":{"footnotes":""},"categories":[1,4,10],"tags":[],"class_list":["post-9546","post","type-post","status-publish","format-standard","has-post-thumbnail","hentry","category-destaque","category-noticias","category-taboao-da-serra"],"_links":{"self":[{"href":"https:\/\/folhadopirajucara.com.br\/index.php\/wp-json\/wp\/v2\/posts\/9546"}],"collection":[{"href":"https:\/\/folhadopirajucara.com.br\/index.php\/wp-json\/wp\/v2\/posts"}],"about":[{"href":"https:\/\/folhadopirajucara.com.br\/index.php\/wp-json\/wp\/v2\/types\/post"}],"author":[{"embeddable":true,"href":"https:\/\/folhadopirajucara.com.br\/index.php\/wp-json\/wp\/v2\/users\/3"}],"replies":[{"embeddable":true,"href":"https:\/\/folhadopirajucara.com.br\/index.php\/wp-json\/wp\/v2\/comments?post=9546"}],"version-history":[{"count":1,"href":"https:\/\/folhadopirajucara.com.br\/index.php\/wp-json\/wp\/v2\/posts\/9546\/revisions"}],"predecessor-version":[{"id":9548,"href":"https:\/\/folhadopirajucara.com.br\/index.php\/wp-json\/wp\/v2\/posts\/9546\/revisions\/9548"}],"wp:featuredmedia":[{"embeddable":true,"href":"https:\/\/folhadopirajucara.com.br\/index.php\/wp-json\/wp\/v2\/media\/9547"}],"wp:attachment":[{"href":"https:\/\/folhadopirajucara.com.br\/index.php\/wp-json\/wp\/v2\/media?parent=9546"}],"wp:term":[{"taxonomy":"category","embeddable":true,"href":"https:\/\/folhadopirajucara.com.br\/index.php\/wp-json\/wp\/v2\/categories?post=9546"},{"taxonomy":"post_tag","embeddable":true,"href":"https:\/\/folhadopirajucara.com.br\/index.php\/wp-json\/wp\/v2\/tags?post=9546"}],"curies":[{"name":"wp","href":"https:\/\/api.w.org\/{rel}","templated":true}]}}