{"id":9549,"date":"2025-06-16T16:13:13","date_gmt":"2025-06-16T19:13:13","guid":{"rendered":"https:\/\/folhadopirajucara.com.br\/?p=9549"},"modified":"2025-06-16T16:13:13","modified_gmt":"2025-06-16T19:13:13","slug":"camara-municipal-realiza-audiencia-publica-para-prestacao-de-contas-da-taboaoprev-nesta-terca-dia-17-06","status":"publish","type":"post","link":"https:\/\/folhadopirajucara.com.br\/index.php\/2025\/06\/16\/camara-municipal-realiza-audiencia-publica-para-prestacao-de-contas-da-taboaoprev-nesta-terca-dia-17-06\/","title":{"rendered":"C\u00e2mara Municipal realiza audi\u00eancia p\u00fablica para presta\u00e7\u00e3o de contas da Tabo\u00e3oPrev nesta ter\u00e7a, dia 17\/06"},"content":{"rendered":"<p>A C\u00e2mara Municipal de Tabo\u00e3o da Serra realiza, nesta ter\u00e7a-feira, dia 17, \u00e0s 18h, audi\u00eancia p\u00fablica para apresenta\u00e7\u00e3o da presta\u00e7\u00e3o de contas da Tabo\u00e3oPrev, autarquia respons\u00e1vel pela previd\u00eancia dos servidores p\u00fablicos municipais. A audi\u00eancia acontece no Plen\u00e1rio da Casa de Leis e ter\u00e1 transmiss\u00e3o pelo canal do youtube.<\/p>\n<p>&nbsp;<\/p>\n<p>A convoca\u00e7\u00e3o foi feita pelo vereador Celso Gallo, presidente da Comiss\u00e3o de Finan\u00e7as e Or\u00e7amento, com base na Lei Municipal n\u00ba 1979\/2010. A audi\u00eancia ter\u00e1 como objetivo analisar os dados referentes ao \u00faltimo trimestre de 2024 e ao primeiro trimestre de 2025, atendendo aos princ\u00edpios de transpar\u00eancia e controle social dos recursos p\u00fablicos.<\/p>\n<p>&nbsp;<\/p>\n<p>A comiss\u00e3o permanente de Finan\u00e7as e Or\u00e7amento \u00e9 composta pelos vereadores Celso Gallo (presidente), Didio Concei\u00e7\u00e3o (vice-presidente) e Bressan (membro).<\/p>\n<p>&nbsp;<\/p>\n<p>\u201c\u00c9 essencial que os servidores acompanhem de perto a gest\u00e3o dos recursos da previd\u00eancia municipal. A transpar\u00eancia \u00e9 um dos pilares do servi\u00e7o p\u00fablico e essa audi\u00eancia permite o acesso direto \u00e0s informa\u00e7\u00f5es sobre a Tabo\u00e3oPrev\u201d, diz o vereador Celso Gallo.<\/p>\n<p>&nbsp;<\/p>\n<p>Est\u00e3o convidados a participar vereadores, servidores municipais, representantes de entidades e mun\u00edcipes em geral. A audi\u00eancia ser\u00e1 realizada de forma presencial e online, garantindo maior acessibilidade ao funcionalismo e moradores interessados no debate.<\/p>\n<p>&nbsp;<\/p>\n<p><strong>SERVI\u00c7O:<\/strong><\/p>\n<p>&nbsp;<\/p>\n<p>Audi\u00eancia P\u00fablica: Presta\u00e7\u00e3o de contas da Tabo\u00e3oPrev (4\u00ba trimestre de 2024 e 1\u00ba trimestre de 2025)<\/p>\n<p>Data: 17 de junho de 2025 (ter\u00e7a-feira), \u00e0s 18h<\/p>\n<p>Local: Plen\u00e1rio da C\u00e2mara de Tabo\u00e3o da Serra (Estrada S\u00e3o Francisco, 2013 \u2013 Jardim Helena)<\/p>\n<p>Transmiss\u00e3o: https:\/\/www.youtube.com\/@camaramunicipaltaboaodaser7373<\/p>\n<p>&nbsp;<\/p>\n<h6>(*) Allan dos Reis (Assessoria de Imprensa da C\u00e2mara Municipal de Tabo\u00e3o da Serra)<\/h6>\n","protected":false},"excerpt":{"rendered":"<p>A C\u00e2mara Municipal de Tabo\u00e3o da Serra realiza, nesta ter\u00e7a-feira, dia 17, \u00e0s 18h, audi\u00eancia p\u00fablica para apresenta\u00e7\u00e3o da presta\u00e7\u00e3o<\/p>\n","protected":false},"author":3,"featured_media":9550,"comment_status":"open","ping_status":"open","sticky":false,"template":"","format":"standard","meta":{"footnotes":""},"categories":[1,4,10],"tags":[],"class_list":["post-9549","post","type-post","status-publish","format-standard","has-post-thumbnail","hentry","category-destaque","category-noticias","category-taboao-da-serra"],"_links":{"self":[{"href":"https:\/\/folhadopirajucara.com.br\/index.php\/wp-json\/wp\/v2\/posts\/9549"}],"collection":[{"href":"https:\/\/folhadopirajucara.com.br\/index.php\/wp-json\/wp\/v2\/posts"}],"about":[{"href":"https:\/\/folhadopirajucara.com.br\/index.php\/wp-json\/wp\/v2\/types\/post"}],"author":[{"embeddable":true,"href":"https:\/\/folhadopirajucara.com.br\/index.php\/wp-json\/wp\/v2\/users\/3"}],"replies":[{"embeddable":true,"href":"https:\/\/folhadopirajucara.com.br\/index.php\/wp-json\/wp\/v2\/comments?post=9549"}],"version-history":[{"count":1,"href":"https:\/\/folhadopirajucara.com.br\/index.php\/wp-json\/wp\/v2\/posts\/9549\/revisions"}],"predecessor-version":[{"id":9551,"href":"https:\/\/folhadopirajucara.com.br\/index.php\/wp-json\/wp\/v2\/posts\/9549\/revisions\/9551"}],"wp:featuredmedia":[{"embeddable":true,"href":"https:\/\/folhadopirajucara.com.br\/index.php\/wp-json\/wp\/v2\/media\/9550"}],"wp:attachment":[{"href":"https:\/\/folhadopirajucara.com.br\/index.php\/wp-json\/wp\/v2\/media?parent=9549"}],"wp:term":[{"taxonomy":"category","embeddable":true,"href":"https:\/\/folhadopirajucara.com.br\/index.php\/wp-json\/wp\/v2\/categories?post=9549"},{"taxonomy":"post_tag","embeddable":true,"href":"https:\/\/folhadopirajucara.com.br\/index.php\/wp-json\/wp\/v2\/tags?post=9549"}],"curies":[{"name":"wp","href":"https:\/\/api.w.org\/{rel}","templated":true}]}}