{"id":9558,"date":"2025-06-18T14:07:44","date_gmt":"2025-06-18T17:07:44","guid":{"rendered":"https:\/\/folhadopirajucara.com.br\/?p=9558"},"modified":"2025-06-18T14:07:44","modified_gmt":"2025-06-18T17:07:44","slug":"itapecerica-da-serra-celebra-corpus-christi-com-confeccao-e-visitacao-dos-tradicionais-tapetes-na-quinta-feira-19-06","status":"publish","type":"post","link":"https:\/\/folhadopirajucara.com.br\/index.php\/2025\/06\/18\/itapecerica-da-serra-celebra-corpus-christi-com-confeccao-e-visitacao-dos-tradicionais-tapetes-na-quinta-feira-19-06\/","title":{"rendered":"Itapecerica da Serra celebra Corpus Christi com confec\u00e7\u00e3o e visita\u00e7\u00e3o dos tradicionais tapetes na quinta-feira, 19\/06"},"content":{"rendered":"<p class=\"post-description\">A Prefeitura de Itapecerica da Serra e o Santu\u00e1rio Nossa Senhora dos Prazeres convidam toda a popula\u00e7\u00e3o a participar e prestigiar o tradicional Tapete de Corpus Christi, uma das manifesta\u00e7\u00f5es religiosas e culturais mais marcantes do munic\u00edpio. Os trabalhos de confec\u00e7\u00e3o ter\u00e3o in\u00edcio na madrugada desta quinta-feira, 19 de junho, e a visita\u00e7\u00e3o ter\u00e1 in\u00edcio a partir das 10h, seguindo ao longo de todo o dia nas ruas centrais da cidade.<\/p>\n<div data-grid=\"small-spacing center justify\">\n<div class=\"post-content\">\n<article class=\"post-text\">\n<div>\n<div>Neste ano, ser\u00e3o confeccionados 47 desenhos tem\u00e1ticos, com a participa\u00e7\u00e3o de volunt\u00e1rios, membros da Igreja Cat\u00f3lica, alunos da rede municipal de ensino, conselhos municipais, associa\u00e7\u00f5es locais e servidores das secretarias da Prefeitura.<\/div>\n<div><\/div>\n<div>Entre os destaques, teremos a participa\u00e7\u00e3o das escolas estaduais:<\/div>\n<div><\/div>\n<div>EE Matilde Maria Cremm<\/div>\n<div>EE Angenor de Oliveira Poeta<\/div>\n<div>EE Joaquim Fernando Paes de Barros Neto<\/div>\n<div><\/div>\n<div>Tamb\u00e9m estar\u00e3o presentes na confec\u00e7\u00e3o dos tapetes:<\/div>\n<div><\/div>\n<div>Conselho Municipal de Turismo<\/div>\n<div>Secretaria Municipal de Sa\u00fade<\/div>\n<div>Equipe de ciclistas e motoclubes<\/div>\n<div>Eco Uniflora Paisagismo<\/div>\n<div><\/div>\n<div>A Missa Campal ser\u00e1 celebrada \u00e0s 15h, na Pra\u00e7a da Matriz, pelo Pe. Alberto Gambarini, seguida da tradicional prociss\u00e3o pelas ruas decoradas com os tapetes coloridos.<\/div>\n<div><\/div>\n<div>Toda a prepara\u00e7\u00e3o dos materiais \u00e9 realizada pela Secretaria Municipal de Turismo, que iniciou os trabalhos no in\u00edcio do m\u00eas de mar\u00e7o. A serragem utilizada na confec\u00e7\u00e3o dos tapetes \u00e9 obtida por meio de doa\u00e7\u00e3o e passa por um processo cuidadoso de limpeza, tingimento e ensacamento, o que garante organiza\u00e7\u00e3o e uma variedade de cores para os desenhos.<\/div>\n<div><\/div>\n<div>Al\u00e9m da Par\u00f3quia Nossa Senhora dos Prazeres e Divina Miseric\u00f3rdia, localizada no centro da cidade, a Secretaria de Turismo tamb\u00e9m fornece os materiais preparados para outras par\u00f3quias e comunidades:<\/div>\n<div><\/div>\n<div>Par\u00f3quia S\u00e3o Pedro e S\u00e3o Paulo \u2013 Jardim Sampaio<\/div>\n<div>Par\u00f3quia Santo Expedito \u2013 Jardim Montezano<\/div>\n<div>S\u00e3o Pedro Ap\u00f3stolo \u2013 Jardim S\u00e3o Pedro<\/div>\n<div>Par\u00f3quia Sant\u00edssima Trindade \u2013 Jardim Jacira<\/div>\n<div>Capela Maria M\u00e3e dos Pobres \u2013 Jardim Anal\u00e2ndia<\/div>\n<div>Par\u00f3quia Jesus de Nazar\u00e9 \u2013 Jardim Santa J\u00falia<\/div>\n<div>Capela Nossa Senhora das Dores \u2013 Bairro Cinira<\/div>\n<div>Par\u00f3quia Santa Clara de Assis \u2013 Jardim Branca Flor<\/div>\n<div>Par\u00f3quia Santa Luzia \u2013 Vila Cal\u00fa<\/div>\n<div>Par\u00f3quia S\u00e3o Francisco de Assis \u2013 Valo Velho<\/div>\n<div>Par\u00f3quia Santa Rita de C\u00e1ssia \u2013 Valo Velho<\/div>\n<div><\/div>\n<div>A Prefeitura agradece especialmente \u00e0 Serraria YJK, do munic\u00edpio de Juquitiba, pelo importante apoio com a doa\u00e7\u00e3o de serragem, essencial para a realiza\u00e7\u00e3o dos trabalhos.<\/div>\n<div><\/div>\n<div>O Tapete de Corpus Christi \u00e9 confeccionado em Itapecerica da Serra desde a d\u00e9cada de 1950 e conta com o apoio da Prefeitura, que se dedica \u00e0 preserva\u00e7\u00e3o e valoriza\u00e7\u00e3o desta importante tradi\u00e7\u00e3o de f\u00e9, uni\u00e3o e identidade cultural, al\u00e9m de atrair in\u00fameros turistas para a cidade.<\/div>\n<div><\/div>\n<div>Participe! Traga sua fam\u00edlia e venha viver esse momento de espiritualidade, beleza e devo\u00e7\u00e3o que transforma as ruas da cidade em verdadeiras obras de arte.<\/div>\n<\/div>\n<\/article>\n<\/div>\n<\/div>\n<div><\/div>\n<h6><\/h6>\n<h6>(*) SECOM PMIS<\/h6>\n","protected":false},"excerpt":{"rendered":"<p>A Prefeitura de Itapecerica da Serra e o Santu\u00e1rio Nossa Senhora dos Prazeres convidam toda a popula\u00e7\u00e3o a participar e<\/p>\n","protected":false},"author":3,"featured_media":9559,"comment_status":"open","ping_status":"open","sticky":false,"template":"","format":"standard","meta":{"footnotes":""},"categories":[1,16,4],"tags":[],"class_list":["post-9558","post","type-post","status-publish","format-standard","has-post-thumbnail","hentry","category-destaque","category-itapecerica-da-serra","category-noticias"],"_links":{"self":[{"href":"https:\/\/folhadopirajucara.com.br\/index.php\/wp-json\/wp\/v2\/posts\/9558"}],"collection":[{"href":"https:\/\/folhadopirajucara.com.br\/index.php\/wp-json\/wp\/v2\/posts"}],"about":[{"href":"https:\/\/folhadopirajucara.com.br\/index.php\/wp-json\/wp\/v2\/types\/post"}],"author":[{"embeddable":true,"href":"https:\/\/folhadopirajucara.com.br\/index.php\/wp-json\/wp\/v2\/users\/3"}],"replies":[{"embeddable":true,"href":"https:\/\/folhadopirajucara.com.br\/index.php\/wp-json\/wp\/v2\/comments?post=9558"}],"version-history":[{"count":1,"href":"https:\/\/folhadopirajucara.com.br\/index.php\/wp-json\/wp\/v2\/posts\/9558\/revisions"}],"predecessor-version":[{"id":9560,"href":"https:\/\/folhadopirajucara.com.br\/index.php\/wp-json\/wp\/v2\/posts\/9558\/revisions\/9560"}],"wp:featuredmedia":[{"embeddable":true,"href":"https:\/\/folhadopirajucara.com.br\/index.php\/wp-json\/wp\/v2\/media\/9559"}],"wp:attachment":[{"href":"https:\/\/folhadopirajucara.com.br\/index.php\/wp-json\/wp\/v2\/media?parent=9558"}],"wp:term":[{"taxonomy":"category","embeddable":true,"href":"https:\/\/folhadopirajucara.com.br\/index.php\/wp-json\/wp\/v2\/categories?post=9558"},{"taxonomy":"post_tag","embeddable":true,"href":"https:\/\/folhadopirajucara.com.br\/index.php\/wp-json\/wp\/v2\/tags?post=9558"}],"curies":[{"name":"wp","href":"https:\/\/api.w.org\/{rel}","templated":true}]}}