{"id":9580,"date":"2025-06-22T13:21:39","date_gmt":"2025-06-22T16:21:39","guid":{"rendered":"https:\/\/folhadopirajucara.com.br\/?p=9580"},"modified":"2025-06-22T13:23:19","modified_gmt":"2025-06-22T16:23:19","slug":"estacoes-da-cptm-recebem-acao-do-ciee-para-cadastro-de-vagas-de-estagio-e-aprendizagem","status":"publish","type":"post","link":"https:\/\/folhadopirajucara.com.br\/index.php\/2025\/06\/22\/estacoes-da-cptm-recebem-acao-do-ciee-para-cadastro-de-vagas-de-estagio-e-aprendizagem\/","title":{"rendered":"Esta\u00e7\u00f5es da CPTM recebem a\u00e7\u00e3o do CIEE para cadastro de vagas de est\u00e1gio e aprendizagem"},"content":{"rendered":"<blockquote>\n<p style=\"text-align: center;\"><strong><em>O atendimento acontece nesta segunda (23), na Luz; ter\u00e7a (24) no Br\u00e1s e sexta (27), no Tatuap\u00e9, das 11h \u00e0s 15h<\/em><\/strong><\/p>\n<\/blockquote>\n<p>&nbsp;<\/p>\n<p><img loading=\"lazy\" decoding=\"async\" class=\"size-medium wp-image-9581 alignleft\" src=\"https:\/\/folhadopirajucara.com.br\/wp-content\/uploads\/2025\/06\/unnamed-27-225x300.jpg\" alt=\"\" width=\"225\" height=\"300\" srcset=\"https:\/\/folhadopirajucara.com.br\/wp-content\/uploads\/2025\/06\/unnamed-27-225x300.jpg 225w, https:\/\/folhadopirajucara.com.br\/wp-content\/uploads\/2025\/06\/unnamed-27-768x1024.jpg 768w, https:\/\/folhadopirajucara.com.br\/wp-content\/uploads\/2025\/06\/unnamed-27.jpg 960w\" sizes=\"(max-width: 225px) 100vw, 225px\" \/>Jovens que passarem pelas esta\u00e7\u00f5es da Luz, Br\u00e1s e Tatuap\u00e9 poder\u00e3o participar da a\u00e7\u00e3o realizada em parceria com o Centro de Integra\u00e7\u00e3o Empresa Escola (CIEE). Durante a atividade, ser\u00e3o ofertados servi\u00e7os como cadastramento em vagas de est\u00e1gio e cursos de aprendizagem.<\/p>\n<p>Na segunda-feira (23\/06), a a\u00e7\u00e3o ser\u00e1 realizada na esta\u00e7\u00e3o da Luz. Na ter\u00e7a (24\/06), ser\u00e1 a vez da esta\u00e7\u00e3o Br\u00e1s. J\u00e1 na sexta-feira (27\/06), a esta\u00e7\u00e3o Tatuap\u00e9 receber\u00e1 o atendimento. Em todos os dias, o cadastramento acontecer\u00e1 das 11h \u00e0s 15h.<\/p>\n<p>As oportunidades s\u00e3o voltadas aos estudantes entre 14 e 24 anos, matriculados no ensino m\u00e9dio, t\u00e9cnico ou superior, que podem se inscrever e concorrer a vagas, conforme o perfil.<\/p>\n<p>Durante o evento, haver\u00e1 divulga\u00e7\u00e3o de cursos online, orienta\u00e7\u00f5es e atendimento pelos profissionais do CIEE, que prestam apoio a quem est\u00e1 \u00e0 procura de vagas de est\u00e1gio e auxiliam na solu\u00e7\u00e3o de d\u00favidas em rela\u00e7\u00e3o ao mundo do trabalho.<\/p>\n<p>&nbsp;<\/p>\n<p style=\"text-align: center;\"><strong>A\u00e7\u00f5es de Cidadania<\/strong><\/p>\n<p>Todas as iniciativas s\u00e3o realizadas com o apoio da CPTM, que abre espa\u00e7os em suas esta\u00e7\u00f5es para a realiza\u00e7\u00e3o de atividades ligadas \u00e0 promo\u00e7\u00e3o do bem-estar de seus passageiros.<\/p>\n<p><strong>\u00a0<\/strong><\/p>\n<p style=\"text-align: center;\"><strong>Servi\u00e7o<\/strong><\/p>\n<p><strong>CIEE: cadastramento para est\u00e1gio e aprendizagem<\/strong><\/p>\n<p><em>\u00a0<\/em><\/p>\n<p><strong>Local: Esta\u00e7\u00e3o da Luz, que atende as Linhas 7-Rubi, 10-Turquesa, 11-Coral e Expresso Aeroporto<\/strong><\/p>\n<p>Data: segunda-feira (23\/06)<\/p>\n<p>Hor\u00e1rio: das 11h \u00e0s 15h<\/p>\n<p>&nbsp;<\/p>\n<p><strong>Local: Esta\u00e7\u00e3o Br\u00e1s, que atende as Linhas 7-Rubi, 10-Turquesa, 11-Coral e 12-Safira, al\u00e9m do Expresso Aeroporto<\/strong><\/p>\n<p>Data: ter\u00e7a-feira (24\/06)<\/p>\n<p>Hor\u00e1rio: das 11h \u00e0s 15h<\/p>\n<p>&nbsp;<\/p>\n<p><strong>Local: Esta\u00e7\u00e3o Tatuap\u00e9, que atende as Linhas 11-Coral e 12-Safira<\/strong><\/p>\n<p>Data: sexta-feira (27\/06)<\/p>\n<p>Hor\u00e1rio: das 11h \u00e0s 15h<\/p>\n<p>&nbsp;<\/p>\n<h6><strong>(*) Tamer Comunica\u00e7\u00e3o Corporativa<\/strong><\/h6>\n","protected":false},"excerpt":{"rendered":"<p>O atendimento acontece nesta segunda (23), na Luz; ter\u00e7a (24) no Br\u00e1s e sexta (27), no Tatuap\u00e9, das 11h \u00e0s<\/p>\n","protected":false},"author":3,"featured_media":9583,"comment_status":"open","ping_status":"open","sticky":false,"template":"","format":"standard","meta":{"footnotes":""},"categories":[1,4,5],"tags":[],"class_list":["post-9580","post","type-post","status-publish","format-standard","has-post-thumbnail","hentry","category-destaque","category-noticias","category-pauta-livre"],"_links":{"self":[{"href":"https:\/\/folhadopirajucara.com.br\/index.php\/wp-json\/wp\/v2\/posts\/9580"}],"collection":[{"href":"https:\/\/folhadopirajucara.com.br\/index.php\/wp-json\/wp\/v2\/posts"}],"about":[{"href":"https:\/\/folhadopirajucara.com.br\/index.php\/wp-json\/wp\/v2\/types\/post"}],"author":[{"embeddable":true,"href":"https:\/\/folhadopirajucara.com.br\/index.php\/wp-json\/wp\/v2\/users\/3"}],"replies":[{"embeddable":true,"href":"https:\/\/folhadopirajucara.com.br\/index.php\/wp-json\/wp\/v2\/comments?post=9580"}],"version-history":[{"count":1,"href":"https:\/\/folhadopirajucara.com.br\/index.php\/wp-json\/wp\/v2\/posts\/9580\/revisions"}],"predecessor-version":[{"id":9582,"href":"https:\/\/folhadopirajucara.com.br\/index.php\/wp-json\/wp\/v2\/posts\/9580\/revisions\/9582"}],"wp:featuredmedia":[{"embeddable":true,"href":"https:\/\/folhadopirajucara.com.br\/index.php\/wp-json\/wp\/v2\/media\/9583"}],"wp:attachment":[{"href":"https:\/\/folhadopirajucara.com.br\/index.php\/wp-json\/wp\/v2\/media?parent=9580"}],"wp:term":[{"taxonomy":"category","embeddable":true,"href":"https:\/\/folhadopirajucara.com.br\/index.php\/wp-json\/wp\/v2\/categories?post=9580"},{"taxonomy":"post_tag","embeddable":true,"href":"https:\/\/folhadopirajucara.com.br\/index.php\/wp-json\/wp\/v2\/tags?post=9580"}],"curies":[{"name":"wp","href":"https:\/\/api.w.org\/{rel}","templated":true}]}}